{"id":11779,"date":"2020-05-04T21:20:11","date_gmt":"2020-05-04T19:20:11","guid":{"rendered":"https:\/\/www.mabi.fr\/?p=11779"},"modified":"2020-11-03T08:54:58","modified_gmt":"2020-11-03T07:54:58","slug":"covid19-comment-reprendre-le-travail-en-toute-securite","status":"publish","type":"post","link":"https:\/\/www.mabi.fr\/fr\/2020\/05\/covid19-comment-reprendre-le-travail-en-toute-securite\/","title":{"rendered":"COVID19 : La reprise des chantiers"},"content":{"rendered":"<div class=\"wpb-content-wrapper\"><p>[vc_section css=&#8221;.vc_custom_1511865388351{margin-right: 0px !important;padding-right: 0px !important;padding-left: 15px !important;}&#8221;][vc_row css=&#8221;.vc_custom_1511779252590{margin-top: 0px !important;margin-right: 0px !important;margin-bottom: 0px !important;padding-top: 0px !important;padding-right: 0px !important;padding-bottom: 0px !important;}&#8221;][vc_column css=&#8221;.vc_custom_1510315343991{margin-top: 0px !important;margin-bottom: 30px !important;padding-top: 0px !important;padding-bottom: 0px !important;}&#8221;][vc_column_text css=&#8221;.vc_custom_1578999296435{margin-top: 0px !important;margin-bottom: 0px !important;}&#8221;][\/vc_column_text][vc_column_text css=&#8221;.vc_custom_1578999296435{margin-top: 0px !important;margin-bottom: 0px !important;}&#8221;][\/vc_column_text][vc_custom_heading text=&#8221;COVID19 : COMMENT REPRENDRE LES CHANTIERS&#8221; font_container=&#8221;tag:h2|font_size:20px|text_align:left|color:%2308276e|line_height:27px&#8221; use_theme_fonts=&#8221;yes&#8221;][vc_column_text css=&#8221;.vc_custom_1604390051913{margin-top: 0px !important;margin-bottom: 0px !important;}&#8221;]Afin d\u2019autoriser la reprise des chantiers, l&#8217;Organisme professionnel de pr\u00e9vention du b\u00e2timent et des travaux publics a mis en place un guide de pr\u00e9conisations de s\u00e9curit\u00e9 sanitaire. Ce document fait suite aux diff\u00e9rentes r\u00e9unions qui se sont tenues avec les membres du gouvernement et les repr\u00e9sentants \u00e9conomiques. Il a pour but de donner un cadre et des instructions \u00e0 mettre en place pour la reprise des activit\u00e9s \u00e9conomiques dans le contexte particulier actuel.<\/p>\n<p class=\"vc_custom_heading vc_custom_1574950232971\">Retrouvez ci-dessous les points essentiels concernant les pr\u00e9conisations sanitaire pour la reprise des chantiers consulter le document complet ici (document mis \u00e0 jour le 03\/11\/2020)\u00a0 <a href=\"https:\/\/www.mabi.fr\/wp-content\/uploads\/2020\/11\/guide-de-preconisations-covid-19-v7-02-11-2020-oppbtp.pdf\" target=\"_blank\" rel=\"noopener noreferrer\">GUIDE-DE-PRECONISATIONS-COVID-19-OPPBTP<\/a><\/p>\n<div><\/div>\n<div class=\"wpb_text_column wpb_content_element vc_custom_1575627218424\">\n<div class=\"wpb_wrapper\"><\/div>\n<\/div>\n<p>[\/vc_column_text][vc_custom_heading text=&#8221;COVID19: Retrouvez toutes les affiches, fiches conseils, protocoles et outils d&#8217;assistance technique en ligne qui vous aideront \u00e0 diffuser et mettre en \u0153uvre les messages de pr\u00e9vention sp\u00e9cifiques.&#8221; font_container=&#8221;tag:h3|font_size:20px|text_align:left|color:%2308276e|line_height:27px&#8221; use_theme_fonts=&#8221;yes&#8221;][vc_column_text css=&#8221;.vc_custom_1588145418527{margin-top: 0px !important;margin-bottom: 0px !important;}&#8221;]<\/p>\n<div>\n<p class=\"p1\">Pour les activit\u00e9s de bureau, d\u2019ateliers, de d\u00e9placements avec l\u2019utilisation de v\u00e9hicules, les premi\u00e8res consignes cit\u00e9es ci-dessus s\u2019appliquent. Du gel hydroalcoolique doit \u00eatre \u00e0 disposition des collaborateurs pour utilisation r\u00e9guli\u00e8re. Mettre en place des marqueurs afin de bien d\u00e9limiter les espaces de travail et d\u00e9sinfecter les v\u00e9hicules apr\u00e8s usage.<\/p>\n<p class=\"p1\"><b>Afin d\u2019assurer la reprise d\u2019une activit\u00e9 ou d\u2019un chantier, un point d\u2019eau et du savon liquide doivent obligatoirement \u00eatre \u00e0 disposition et accessible. C\u2019est une condition premi\u00e8re pour assurer les premiers gestes barri\u00e8res sauf si de l\u2019eau en bidon, du savon liquide, du gel hydroalcoolique peut \u00eatre mis \u00e0 disposition ainsi que des masques, gants et lunettes de protection.<\/b><\/p>\n<p class=\"p1\">Assurez-vous que les consignes soient claires et bien comprises pour chacun de vos collaborateurs. Le temps d\u2019une formation \u00e0 l\u2019utilisation de ces EPI peut \u00eatre recommand\u00e9 si leur usage est inhabituel dans votre activit\u00e9.<\/p>\n<\/div>\n<div class=\"wpb_text_column wpb_content_element vc_custom_1575627218424\">\n<div class=\"wpb_wrapper\"><\/div>\n<\/div>\n<p>[\/vc_column_text][\/vc_column][\/vc_row][vc_row css=&#8221;.vc_custom_1511779261729{margin-top: 15px !important;margin-right: 0px !important;margin-bottom: 15px !important;padding-top: 0px !important;padding-right: 0px !important;padding-bottom: 0px !important;}&#8221;][vc_column width=&#8221;1\/2&#8243; css=&#8221;.vc_custom_1511779316701{margin-top: 0px !important;margin-right: 0px !important;margin-bottom: 0px !important;padding-top: 10px !important;padding-right: 0px !important;padding-bottom: 10px !important;}&#8221;][vc_column_text css=&#8221;.vc_custom_1588145828455{margin-top: 0px !important;margin-bottom: 0px !important;}&#8221;]<\/p>\n<div>\n<p class=\"p1\">Retrouvez et t\u00e9l\u00e9chargez les affiches ci dessous pour informer vos collaborateurs.<\/p>\n<ul>\n<li><strong>Comment intervenir de mani\u00e8re s\u00e9curis\u00e9 lors d&#8217;un chantier chez un particulier ?<\/strong><\/li>\n<li><strong>Les bons gestes pour se prot\u00e9ger sur le chantier et dans les ateliers<\/strong><\/li>\n<li><strong>Diff\u00e9rentes consignes de nettoyages\u00a0<\/strong><\/li>\n<\/ul>\n<\/div>\n<div class=\"wpb_text_column wpb_content_element vc_custom_1575627218424\">\n<div class=\"wpb_wrapper\"><\/div>\n<\/div>\n<p>[\/vc_column_text][\/vc_column][vc_column width=&#8221;1\/2&#8243;][vc_images_carousel images=&#8221;11803,11800,11797&#8243; img_size=&#8221;full&#8221;][\/vc_column][\/vc_row][vc_row css=&#8221;.vc_custom_1511779261729{margin-top: 15px !important;margin-right: 0px !important;margin-bottom: 15px !important;padding-top: 0px !important;padding-right: 0px !important;padding-bottom: 0px !important;}&#8221;][vc_column css=&#8221;.vc_custom_1511779316701{margin-top: 0px !important;margin-right: 0px !important;margin-bottom: 0px !important;padding-top: 10px !important;padding-right: 0px !important;padding-bottom: 10px !important;}&#8221;][vc_column_text css=&#8221;.vc_custom_1588146012527{margin-top: 0px !important;margin-bottom: 0px !important;}&#8221;]<\/p>\n<div>\n<h3 class=\"p1\"><span class=\"s1\">Voici la liste des fournitures g\u00e9n\u00e9rales n\u00e9cessaires au respect des consignes sanitaires<\/span>\u00a0:<\/h3>\n<ul class=\"ul1\">\n<li class=\"li1\">&#8211; D\u00e9sinfectant,<\/li>\n<li class=\"li1\">&#8211; Lingettes d\u00e9sinfectantes,<\/li>\n<li class=\"li1\">&#8211; Savon liquide,<\/li>\n<li class=\"li1\">&#8211; Essuie-mains jetables,<\/li>\n<li class=\"li1\">&#8211; Poubelles \u00e0 p\u00e9dales et couvercle pour jeter les consommables apr\u00e8s usage,<\/li>\n<li class=\"li1\">&#8211; Sacs \u00e0 d\u00e9chet,<\/li>\n<li class=\"li1\">&#8211; Gants usuels de travail,<\/li>\n<li class=\"li1\">&#8211; Gants jetables pour manipuler les d\u00e9chets et proc\u00e9der au nettoyage\/d\u00e9sinfection,<\/li>\n<li class=\"li1\">&#8211; En l\u2019absence de point d\u2019eau, pr\u00e9voir des bidons d\u2019eau, du gel ou solution hydroalcoolique.<\/li>\n<\/ul>\n<p class=\"p3\"><span class=\"s2\">Retrouvez les informations compl\u00e8tes : <a href=\"https:\/\/www.preventionbtp.fr\/Documentation\/Explorer-par-produit\/Information\/Ouvrages\/Guide-de-preconisations-de-securite-sanitaire-pour-la-continuite-des-activites-de-la-construction-Covid-19\"><span class=\"s1\">https:\/\/www.preventionbtp.fr\/Documentation\/Explorer-par-produit\/Information\/Ouvrages\/Guide-de-preconisations-de-securite-sanitaire-pour-la-continuite-des-activites-de-la-construction-Covid-19<\/span><\/a><\/span><\/p>\n<\/div>\n<div class=\"wpb_text_column wpb_content_element vc_custom_1575627218424\">\n<div class=\"wpb_wrapper\"><\/div>\n<\/div>\n<p>[\/vc_column_text][vc_column_text css=&#8221;.vc_custom_1588146291625{margin-top: 0px !important;margin-bottom: 0px !important;}&#8221;]<\/p>\n<div>\n<h3 class=\"p1\">L\u2019\u00e9quipe Mabi reste mobilis\u00e9e \u00e0 vos c\u00f4t\u00e9s.<\/h3>\n<p class=\"p3\">En cette p\u00e9riode exceptionnelle, soyez tr\u00e8s vigilants avec les offres tr\u00e8s attractives que vous pourriez recevoir qui ne proposent pas toujours du mat\u00e9riel r\u00e9glementaire. Approvisionnez-vous apr\u00e8s de distributeurs agr\u00e9es de confiance pour b\u00e9n\u00e9ficier des meilleurs produits aux meilleurs prix.<\/p>\n<p class=\"p5\">D\u00e9couvrez \u00e9galement le kit sanitaire individuel Mabi pour la reprise de votre activit\u00e9 :<\/p>\n<\/div>\n<p>[\/vc_column_text][\/vc_column][\/vc_row][vc_row css=&#8221;.vc_custom_1511779261729{margin-top: 15px !important;margin-right: 0px !important;margin-bottom: 15px !important;padding-top: 0px !important;padding-right: 0px !important;padding-bottom: 0px !important;}&#8221;][vc_column width=&#8221;1\/2&#8243; css=&#8221;.vc_custom_1511779316701{margin-top: 0px !important;margin-right: 0px !important;margin-bottom: 0px !important;padding-top: 10px !important;padding-right: 0px !important;padding-bottom: 10px !important;}&#8221;][vc_images_carousel images=&#8221;11810,11813,11816&#8243; img_size=&#8221;full&#8221;][\/vc_column][vc_column width=&#8221;1\/2&#8243;][vc_column_text css=&#8221;.vc_custom_1588146475187{margin-top: 0px !important;margin-bottom: 0px !important;}&#8221;]<strong>Contenu du KIT sanitaire individuel<\/strong> :<\/p>\n<p class=\"text-build-content\">&#8211; 500 ml de gel Hydroalcoolique<\/p>\n<p class=\"text-build-content\">&#8211; 20 masques chirurgicaux type 2<\/p>\n<p class=\"text-build-content\">&#8211; 100 gants jetables latex (taille 8-9)<\/p>\n<p class=\"text-build-content\">&#8211; 50 sacs poubelles de 20L<\/p>\n<p class=\"text-build-content\">&#8211; un pulv\u00e9risateur 1,5L (pour solution d\u00e9sinfectante, fourni vide)<\/p>\n<p>[\/vc_column_text][\/vc_column][\/vc_row][vc_row css=&#8221;.vc_custom_1511779261729{margin-top: 15px !important;margin-right: 0px !important;margin-bottom: 15px !important;padding-top: 0px !important;padding-right: 0px !important;padding-bottom: 0px !important;}&#8221;][vc_column css=&#8221;.vc_custom_1511779316701{margin-top: 0px !important;margin-right: 0px !important;margin-bottom: 0px !important;padding-top: 10px !important;padding-right: 0px !important;padding-bottom: 10px !important;}&#8221;][vc_column_text css=&#8221;.vc_custom_1588146570012{margin-top: 0px !important;margin-bottom: 0px !important;}&#8221;]<\/p>\n<div>\n<h4 class=\"p5\">Prenez soin de vous et de vos proches<\/h4>\n<\/div>\n<div class=\"wpb_text_column wpb_content_element vc_custom_1575627218424\">\n<div class=\"wpb_wrapper\"><\/div>\n<\/div>\n<p>[\/vc_column_text]<div class=\"rt-call-to-action-wraper element-one  \"   style=\"background-color:#515151;\"><div class=\"rt-call-to-action-wraper-overlay\" style=\"background-color:#515151;\"><\/div><div class=\"row rt-call-to-action\"><div class=\"col-lg-8 col-md-7 col-sm-7 col-xs-12\"><div class=\"rt-call-to-action-item matchHeight text-left\"><div class=\"table\"><div class=\"table-cell\"><p style=\"color:#ffffff; font-size:32px; line-height:40px;\">Je souhaite recevoir plus d'informations<\/p><\/div><\/div><\/div><\/div><div class=\"col-lg-4 col-md-5 col-sm-5 col-xs-12\"><div class=\"rt-call-to-action-item matchHeight text-center\" style=\"background-color:#515151;\"><div class=\"table\"><div class=\"table-cell\"><h4 style=\"color:#ffffff; font-size:22px; line-height:32px;\">Contactez-nous au <strong>03.84.56.17.44<\/strong><\/h4><\/div><\/div><\/div><\/div><\/div><\/div>[\/vc_column][\/vc_row][vc_row][vc_column][vc_facebook][\/vc_column][\/vc_row][\/vc_section]<\/p>\n<\/div>","protected":false},"excerpt":{"rendered":"<p>[vc_section css=&#8221;.vc_custom_1511865388351{margin-right: 0px !important;padding-right: 0px !important;padding-left: 15px !important;}&#8221;][vc_row css=&#8221;.vc_custom_1511779252590{margin-top: 0px !important;margin-right: 0px !important;margin-bottom: 0px !important;padding-top: 0px !important;padding-right: 0px !important;padding-bottom: 0px !important;}&#8221;][vc_column css=&#8221;.vc_custom_1510315343991{margin-top: 0px !important;margin-bottom: 30px !important;padding-top: 0px !important;padding-bottom: 0px !important;}&#8221;][vc_column_text css=&#8221;.vc_custom_1578999296435{margin-top: 0px !important;margin-bottom: 0px !important;}&#8221;][\/vc_column_text][vc_column_text css=&#8221;.vc_custom_1578999296435{margin-top: 0px !important;margin-bottom: 0px !important;}&#8221;][\/vc_column_text][vc_custom_heading text=&#8221;COVID19 : COMMENT REPRENDRE LES CHANTIERS&#8221; font_container=&#8221;tag:h2|font_size:20px|text_align:left|color:%2308276e|line_height:27px&#8221; use_theme_fonts=&#8221;yes&#8221;][vc_column_text css=&#8221;.vc_custom_1604390051913{margin-top: 0px !important;margin-bottom: 0px !important;}&#8221;]Afin d\u2019autoriser la [&hellip;]<\/p>\n","protected":false},"author":3,"featured_media":11800,"comment_status":"closed","ping_status":"closed","sticky":false,"template":"","format":"standard","meta":{"footnotes":""},"categories":[98],"tags":[],"class_list":["post-11779","post","type-post","status-publish","format-standard","has-post-thumbnail","hentry","category-protection"],"yoast_head":"<!-- This site is optimized with the Yoast SEO plugin v27.4 - https:\/\/yoast.com\/product\/yoast-seo-wordpress\/ -->\n<title>COVID19 : La reprise des chantiers - Mabi<\/title>\n<meta name=\"description\" content=\"Afin d\u2019autoriser la reprise des chantiers, l&#039;Organisme professionnel de pr\u00e9vention du b\u00e2timent et des travaux publics a mis en place un guide de\" \/>\n<meta name=\"robots\" content=\"index, follow, max-snippet:-1, max-image-preview:large, max-video-preview:-1\" \/>\n<link rel=\"canonical\" href=\"https:\/\/www.mabi.fr\/fr\/2020\/05\/covid19-comment-reprendre-le-travail-en-toute-securite\/\" \/>\n<meta property=\"og:locale\" content=\"fr_FR\" \/>\n<meta property=\"og:type\" content=\"article\" \/>\n<meta property=\"og:title\" content=\"COVID19 : La reprise des chantiers - Mabi\" \/>\n<meta property=\"og:description\" content=\"Afin d\u2019autoriser la reprise des chantiers, l&#039;Organisme professionnel de pr\u00e9vention du b\u00e2timent et des travaux publics a mis en place un guide de\" \/>\n<meta property=\"og:url\" content=\"https:\/\/www.mabi.fr\/fr\/2020\/05\/covid19-comment-reprendre-le-travail-en-toute-securite\/\" \/>\n<meta property=\"og:site_name\" content=\"Mabi\" \/>\n<meta property=\"article:publisher\" content=\"https:\/\/www.facebook.com\/team.mabi\/\" \/>\n<meta property=\"article:published_time\" content=\"2020-05-04T19:20:11+00:00\" \/>\n<meta property=\"article:modified_time\" content=\"2020-11-03T07:54:58+00:00\" \/>\n<meta property=\"og:image\" content=\"https:\/\/www.mabi.fr\/wp-content\/uploads\/2020\/04\/se-proteger-pour-intervenir-chez-un-particulier.png\" \/>\n\t<meta property=\"og:image:width\" content=\"1002\" \/>\n\t<meta property=\"og:image:height\" content=\"1436\" \/>\n\t<meta property=\"og:image:type\" content=\"image\/png\" \/>\n<meta name=\"author\" content=\"Mabi\" \/>\n<meta name=\"twitter:card\" content=\"summary_large_image\" \/>\n<meta name=\"twitter:label1\" content=\"\u00c9crit par\" \/>\n\t<meta name=\"twitter:data1\" content=\"Mabi\" \/>\n\t<meta name=\"twitter:label2\" content=\"Dur\u00e9e de lecture estim\u00e9e\" \/>\n\t<meta name=\"twitter:data2\" content=\"5 minutes\" \/>\n<script type=\"application\/ld+json\" class=\"yoast-schema-graph\">{\"@context\":\"https:\\\/\\\/schema.org\",\"@graph\":[{\"@type\":\"Article\",\"@id\":\"https:\\\/\\\/www.mabi.fr\\\/fr\\\/2020\\\/05\\\/covid19-comment-reprendre-le-travail-en-toute-securite\\\/#article\",\"isPartOf\":{\"@id\":\"https:\\\/\\\/www.mabi.fr\\\/fr\\\/2020\\\/05\\\/covid19-comment-reprendre-le-travail-en-toute-securite\\\/\"},\"author\":{\"name\":\"Mabi\",\"@id\":\"https:\\\/\\\/www.mabi.fr\\\/fr\\\/#\\\/schema\\\/person\\\/484127558ce907bc042826a61553259a\"},\"headline\":\"COVID19 : La reprise des chantiers\",\"datePublished\":\"2020-05-04T19:20:11+00:00\",\"dateModified\":\"2020-11-03T07:54:58+00:00\",\"mainEntityOfPage\":{\"@id\":\"https:\\\/\\\/www.mabi.fr\\\/fr\\\/2020\\\/05\\\/covid19-comment-reprendre-le-travail-en-toute-securite\\\/\"},\"wordCount\":1078,\"publisher\":{\"@id\":\"https:\\\/\\\/www.mabi.fr\\\/fr\\\/#organization\"},\"image\":{\"@id\":\"https:\\\/\\\/www.mabi.fr\\\/fr\\\/2020\\\/05\\\/covid19-comment-reprendre-le-travail-en-toute-securite\\\/#primaryimage\"},\"thumbnailUrl\":\"https:\\\/\\\/www.mabi.fr\\\/wp-content\\\/uploads\\\/2020\\\/04\\\/se-proteger-pour-intervenir-chez-un-particulier.png\",\"articleSection\":[\"Protection\"],\"inLanguage\":\"fr-FR\"},{\"@type\":\"WebPage\",\"@id\":\"https:\\\/\\\/www.mabi.fr\\\/fr\\\/2020\\\/05\\\/covid19-comment-reprendre-le-travail-en-toute-securite\\\/\",\"url\":\"https:\\\/\\\/www.mabi.fr\\\/fr\\\/2020\\\/05\\\/covid19-comment-reprendre-le-travail-en-toute-securite\\\/\",\"name\":\"COVID19 : La reprise des chantiers - Mabi\",\"isPartOf\":{\"@id\":\"https:\\\/\\\/www.mabi.fr\\\/fr\\\/#website\"},\"primaryImageOfPage\":{\"@id\":\"https:\\\/\\\/www.mabi.fr\\\/fr\\\/2020\\\/05\\\/covid19-comment-reprendre-le-travail-en-toute-securite\\\/#primaryimage\"},\"image\":{\"@id\":\"https:\\\/\\\/www.mabi.fr\\\/fr\\\/2020\\\/05\\\/covid19-comment-reprendre-le-travail-en-toute-securite\\\/#primaryimage\"},\"thumbnailUrl\":\"https:\\\/\\\/www.mabi.fr\\\/wp-content\\\/uploads\\\/2020\\\/04\\\/se-proteger-pour-intervenir-chez-un-particulier.png\",\"datePublished\":\"2020-05-04T19:20:11+00:00\",\"dateModified\":\"2020-11-03T07:54:58+00:00\",\"description\":\"Afin d\u2019autoriser la reprise des chantiers, l'Organisme professionnel de pr\u00e9vention du b\u00e2timent et des travaux publics a mis en place un guide de\",\"breadcrumb\":{\"@id\":\"https:\\\/\\\/www.mabi.fr\\\/fr\\\/2020\\\/05\\\/covid19-comment-reprendre-le-travail-en-toute-securite\\\/#breadcrumb\"},\"inLanguage\":\"fr-FR\",\"potentialAction\":[{\"@type\":\"ReadAction\",\"target\":[\"https:\\\/\\\/www.mabi.fr\\\/fr\\\/2020\\\/05\\\/covid19-comment-reprendre-le-travail-en-toute-securite\\\/\"]}]},{\"@type\":\"ImageObject\",\"inLanguage\":\"fr-FR\",\"@id\":\"https:\\\/\\\/www.mabi.fr\\\/fr\\\/2020\\\/05\\\/covid19-comment-reprendre-le-travail-en-toute-securite\\\/#primaryimage\",\"url\":\"https:\\\/\\\/www.mabi.fr\\\/wp-content\\\/uploads\\\/2020\\\/04\\\/se-proteger-pour-intervenir-chez-un-particulier.png\",\"contentUrl\":\"https:\\\/\\\/www.mabi.fr\\\/wp-content\\\/uploads\\\/2020\\\/04\\\/se-proteger-pour-intervenir-chez-un-particulier.png\",\"width\":1002,\"height\":1436},{\"@type\":\"BreadcrumbList\",\"@id\":\"https:\\\/\\\/www.mabi.fr\\\/fr\\\/2020\\\/05\\\/covid19-comment-reprendre-le-travail-en-toute-securite\\\/#breadcrumb\",\"itemListElement\":[{\"@type\":\"ListItem\",\"position\":1,\"name\":\"Accueil\",\"item\":\"https:\\\/\\\/www.mabi.fr\\\/fr\\\/\"},{\"@type\":\"ListItem\",\"position\":2,\"name\":\"COVID19 : La reprise des chantiers\"}]},{\"@type\":\"WebSite\",\"@id\":\"https:\\\/\\\/www.mabi.fr\\\/fr\\\/#website\",\"url\":\"https:\\\/\\\/www.mabi.fr\\\/fr\\\/\",\"name\":\"Mabi\",\"description\":\"Traitement du bois et des murs\",\"publisher\":{\"@id\":\"https:\\\/\\\/www.mabi.fr\\\/fr\\\/#organization\"},\"inLanguage\":\"fr-FR\"},{\"@type\":\"Organization\",\"@id\":\"https:\\\/\\\/www.mabi.fr\\\/fr\\\/#organization\",\"name\":\"MABI\",\"url\":\"https:\\\/\\\/www.mabi.fr\\\/fr\\\/\",\"logo\":{\"@type\":\"ImageObject\",\"inLanguage\":\"fr-FR\",\"@id\":\"https:\\\/\\\/www.mabi.fr\\\/fr\\\/#\\\/schema\\\/logo\\\/image\\\/\",\"url\":\"https:\\\/\\\/www.mabi.fr\\\/wp-content\\\/uploads\\\/2018\\\/04\\\/logo-mabi.png\",\"contentUrl\":\"https:\\\/\\\/www.mabi.fr\\\/wp-content\\\/uploads\\\/2018\\\/04\\\/logo-mabi.png\",\"width\":400,\"height\":165,\"caption\":\"MABI\"},\"image\":{\"@id\":\"https:\\\/\\\/www.mabi.fr\\\/fr\\\/#\\\/schema\\\/logo\\\/image\\\/\"},\"sameAs\":[\"https:\\\/\\\/www.facebook.com\\\/team.mabi\\\/\",\"https:\\\/\\\/www.youtube.com\\\/channel\\\/UCROWjwVyMZg_5ybzXJofFlg\"]},{\"@type\":\"Person\",\"@id\":\"https:\\\/\\\/www.mabi.fr\\\/fr\\\/#\\\/schema\\\/person\\\/484127558ce907bc042826a61553259a\",\"name\":\"Mabi\",\"image\":{\"@type\":\"ImageObject\",\"inLanguage\":\"fr-FR\",\"@id\":\"https:\\\/\\\/secure.gravatar.com\\\/avatar\\\/82af1fd0989cd4216d2e0ce89972cea75a9214661afe9d79e15525c8767abc4c?s=96&d=mm&r=g\",\"url\":\"https:\\\/\\\/secure.gravatar.com\\\/avatar\\\/82af1fd0989cd4216d2e0ce89972cea75a9214661afe9d79e15525c8767abc4c?s=96&d=mm&r=g\",\"contentUrl\":\"https:\\\/\\\/secure.gravatar.com\\\/avatar\\\/82af1fd0989cd4216d2e0ce89972cea75a9214661afe9d79e15525c8767abc4c?s=96&d=mm&r=g\",\"caption\":\"Mabi\"},\"sameAs\":[\"https:\\\/\\\/www.mabi.fr\"]}]}<\/script>\n<!-- \/ Yoast SEO plugin. -->","yoast_head_json":{"title":"COVID19 : La reprise des chantiers - Mabi","description":"Afin d\u2019autoriser la reprise des chantiers, l'Organisme professionnel de pr\u00e9vention du b\u00e2timent et des travaux publics a mis en place un guide de","robots":{"index":"index","follow":"follow","max-snippet":"max-snippet:-1","max-image-preview":"max-image-preview:large","max-video-preview":"max-video-preview:-1"},"canonical":"https:\/\/www.mabi.fr\/fr\/2020\/05\/covid19-comment-reprendre-le-travail-en-toute-securite\/","og_locale":"fr_FR","og_type":"article","og_title":"COVID19 : La reprise des chantiers - Mabi","og_description":"Afin d\u2019autoriser la reprise des chantiers, l'Organisme professionnel de pr\u00e9vention du b\u00e2timent et des travaux publics a mis en place un guide de","og_url":"https:\/\/www.mabi.fr\/fr\/2020\/05\/covid19-comment-reprendre-le-travail-en-toute-securite\/","og_site_name":"Mabi","article_publisher":"https:\/\/www.facebook.com\/team.mabi\/","article_published_time":"2020-05-04T19:20:11+00:00","article_modified_time":"2020-11-03T07:54:58+00:00","og_image":[{"width":1002,"height":1436,"url":"https:\/\/www.mabi.fr\/wp-content\/uploads\/2020\/04\/se-proteger-pour-intervenir-chez-un-particulier.png","type":"image\/png"}],"author":"Mabi","twitter_card":"summary_large_image","twitter_misc":{"\u00c9crit par":"Mabi","Dur\u00e9e de lecture estim\u00e9e":"5 minutes"},"schema":{"@context":"https:\/\/schema.org","@graph":[{"@type":"Article","@id":"https:\/\/www.mabi.fr\/fr\/2020\/05\/covid19-comment-reprendre-le-travail-en-toute-securite\/#article","isPartOf":{"@id":"https:\/\/www.mabi.fr\/fr\/2020\/05\/covid19-comment-reprendre-le-travail-en-toute-securite\/"},"author":{"name":"Mabi","@id":"https:\/\/www.mabi.fr\/fr\/#\/schema\/person\/484127558ce907bc042826a61553259a"},"headline":"COVID19 : La reprise des chantiers","datePublished":"2020-05-04T19:20:11+00:00","dateModified":"2020-11-03T07:54:58+00:00","mainEntityOfPage":{"@id":"https:\/\/www.mabi.fr\/fr\/2020\/05\/covid19-comment-reprendre-le-travail-en-toute-securite\/"},"wordCount":1078,"publisher":{"@id":"https:\/\/www.mabi.fr\/fr\/#organization"},"image":{"@id":"https:\/\/www.mabi.fr\/fr\/2020\/05\/covid19-comment-reprendre-le-travail-en-toute-securite\/#primaryimage"},"thumbnailUrl":"https:\/\/www.mabi.fr\/wp-content\/uploads\/2020\/04\/se-proteger-pour-intervenir-chez-un-particulier.png","articleSection":["Protection"],"inLanguage":"fr-FR"},{"@type":"WebPage","@id":"https:\/\/www.mabi.fr\/fr\/2020\/05\/covid19-comment-reprendre-le-travail-en-toute-securite\/","url":"https:\/\/www.mabi.fr\/fr\/2020\/05\/covid19-comment-reprendre-le-travail-en-toute-securite\/","name":"COVID19 : La reprise des chantiers - Mabi","isPartOf":{"@id":"https:\/\/www.mabi.fr\/fr\/#website"},"primaryImageOfPage":{"@id":"https:\/\/www.mabi.fr\/fr\/2020\/05\/covid19-comment-reprendre-le-travail-en-toute-securite\/#primaryimage"},"image":{"@id":"https:\/\/www.mabi.fr\/fr\/2020\/05\/covid19-comment-reprendre-le-travail-en-toute-securite\/#primaryimage"},"thumbnailUrl":"https:\/\/www.mabi.fr\/wp-content\/uploads\/2020\/04\/se-proteger-pour-intervenir-chez-un-particulier.png","datePublished":"2020-05-04T19:20:11+00:00","dateModified":"2020-11-03T07:54:58+00:00","description":"Afin d\u2019autoriser la reprise des chantiers, l'Organisme professionnel de pr\u00e9vention du b\u00e2timent et des travaux publics a mis en place un guide de","breadcrumb":{"@id":"https:\/\/www.mabi.fr\/fr\/2020\/05\/covid19-comment-reprendre-le-travail-en-toute-securite\/#breadcrumb"},"inLanguage":"fr-FR","potentialAction":[{"@type":"ReadAction","target":["https:\/\/www.mabi.fr\/fr\/2020\/05\/covid19-comment-reprendre-le-travail-en-toute-securite\/"]}]},{"@type":"ImageObject","inLanguage":"fr-FR","@id":"https:\/\/www.mabi.fr\/fr\/2020\/05\/covid19-comment-reprendre-le-travail-en-toute-securite\/#primaryimage","url":"https:\/\/www.mabi.fr\/wp-content\/uploads\/2020\/04\/se-proteger-pour-intervenir-chez-un-particulier.png","contentUrl":"https:\/\/www.mabi.fr\/wp-content\/uploads\/2020\/04\/se-proteger-pour-intervenir-chez-un-particulier.png","width":1002,"height":1436},{"@type":"BreadcrumbList","@id":"https:\/\/www.mabi.fr\/fr\/2020\/05\/covid19-comment-reprendre-le-travail-en-toute-securite\/#breadcrumb","itemListElement":[{"@type":"ListItem","position":1,"name":"Accueil","item":"https:\/\/www.mabi.fr\/fr\/"},{"@type":"ListItem","position":2,"name":"COVID19 : La reprise des chantiers"}]},{"@type":"WebSite","@id":"https:\/\/www.mabi.fr\/fr\/#website","url":"https:\/\/www.mabi.fr\/fr\/","name":"Mabi","description":"Traitement du bois et des murs","publisher":{"@id":"https:\/\/www.mabi.fr\/fr\/#organization"},"inLanguage":"fr-FR"},{"@type":"Organization","@id":"https:\/\/www.mabi.fr\/fr\/#organization","name":"MABI","url":"https:\/\/www.mabi.fr\/fr\/","logo":{"@type":"ImageObject","inLanguage":"fr-FR","@id":"https:\/\/www.mabi.fr\/fr\/#\/schema\/logo\/image\/","url":"https:\/\/www.mabi.fr\/wp-content\/uploads\/2018\/04\/logo-mabi.png","contentUrl":"https:\/\/www.mabi.fr\/wp-content\/uploads\/2018\/04\/logo-mabi.png","width":400,"height":165,"caption":"MABI"},"image":{"@id":"https:\/\/www.mabi.fr\/fr\/#\/schema\/logo\/image\/"},"sameAs":["https:\/\/www.facebook.com\/team.mabi\/","https:\/\/www.youtube.com\/channel\/UCROWjwVyMZg_5ybzXJofFlg"]},{"@type":"Person","@id":"https:\/\/www.mabi.fr\/fr\/#\/schema\/person\/484127558ce907bc042826a61553259a","name":"Mabi","image":{"@type":"ImageObject","inLanguage":"fr-FR","@id":"https:\/\/secure.gravatar.com\/avatar\/82af1fd0989cd4216d2e0ce89972cea75a9214661afe9d79e15525c8767abc4c?s=96&d=mm&r=g","url":"https:\/\/secure.gravatar.com\/avatar\/82af1fd0989cd4216d2e0ce89972cea75a9214661afe9d79e15525c8767abc4c?s=96&d=mm&r=g","contentUrl":"https:\/\/secure.gravatar.com\/avatar\/82af1fd0989cd4216d2e0ce89972cea75a9214661afe9d79e15525c8767abc4c?s=96&d=mm&r=g","caption":"Mabi"},"sameAs":["https:\/\/www.mabi.fr"]}]}},"_links":{"self":[{"href":"https:\/\/www.mabi.fr\/fr\/wp-json\/wp\/v2\/posts\/11779","targetHints":{"allow":["GET"]}}],"collection":[{"href":"https:\/\/www.mabi.fr\/fr\/wp-json\/wp\/v2\/posts"}],"about":[{"href":"https:\/\/www.mabi.fr\/fr\/wp-json\/wp\/v2\/types\/post"}],"author":[{"embeddable":true,"href":"https:\/\/www.mabi.fr\/fr\/wp-json\/wp\/v2\/users\/3"}],"replies":[{"embeddable":true,"href":"https:\/\/www.mabi.fr\/fr\/wp-json\/wp\/v2\/comments?post=11779"}],"version-history":[{"count":5,"href":"https:\/\/www.mabi.fr\/fr\/wp-json\/wp\/v2\/posts\/11779\/revisions"}],"predecessor-version":[{"id":12549,"href":"https:\/\/www.mabi.fr\/fr\/wp-json\/wp\/v2\/posts\/11779\/revisions\/12549"}],"wp:featuredmedia":[{"embeddable":true,"href":"https:\/\/www.mabi.fr\/fr\/wp-json\/wp\/v2\/media\/11800"}],"wp:attachment":[{"href":"https:\/\/www.mabi.fr\/fr\/wp-json\/wp\/v2\/media?parent=11779"}],"wp:term":[{"taxonomy":"category","embeddable":true,"href":"https:\/\/www.mabi.fr\/fr\/wp-json\/wp\/v2\/categories?post=11779"},{"taxonomy":"post_tag","embeddable":true,"href":"https:\/\/www.mabi.fr\/fr\/wp-json\/wp\/v2\/tags?post=11779"}],"curies":[{"name":"wp","href":"https:\/\/api.w.org\/{rel}","templated":true}]}}