{"id":11829,"date":"2020-05-04T21:21:01","date_gmt":"2020-05-04T19:21:01","guid":{"rendered":"https:\/\/www.mabi.fr\/?p=11829"},"modified":"2020-11-23T14:08:38","modified_gmt":"2020-11-23T13:08:38","slug":"desinfectant-concentre-professionnel-covid19","status":"publish","type":"post","link":"https:\/\/www.mabi.fr\/fr\/2020\/05\/desinfectant-concentre-professionnel-covid19\/","title":{"rendered":"D\u00e9sinfectant Concentr\u00e9 professionnel &#8211; COVID19"},"content":{"rendered":"<div class=\"wpb-content-wrapper\"><p>[vc_section css=&#8221;.vc_custom_1511865388351{margin-right: 0px !important;padding-right: 0px !important;padding-left: 15px !important;}&#8221;][vc_row css=&#8221;.vc_custom_1511779252590{margin-top: 0px !important;margin-right: 0px !important;margin-bottom: 0px !important;padding-top: 0px !important;padding-right: 0px !important;padding-bottom: 0px !important;}&#8221;][vc_column css=&#8221;.vc_custom_1510315343991{margin-top: 0px !important;margin-bottom: 30px !important;padding-top: 0px !important;padding-bottom: 0px !important;}&#8221;][vc_column_text css=&#8221;.vc_custom_1578999296435{margin-top: 0px !important;margin-bottom: 0px !important;}&#8221;][\/vc_column_text][vc_column_text css=&#8221;.vc_custom_1578999296435{margin-top: 0px !important;margin-bottom: 0px !important;}&#8221;][\/vc_column_text][vc_custom_heading text=&#8221;COVID19 &#8211; D\u00e9sinfection des locaux&#8221; font_container=&#8221;tag:h2|font_size:20px|text_align:left|color:%2308276e|line_height:27px&#8221; use_theme_fonts=&#8221;yes&#8221;][vc_column_text css=&#8221;.vc_custom_1588826857790{margin-top: 0px !important;margin-bottom: 0px !important;}&#8221;]En cas de contamination d\u2019un lieu de travail d\u2019une entreprise, de magasins et les \u00e9coles, la d\u00e9sinfection est obligatoire suivant la r\u00e9glementation du code du travail,<\/p>\n<p>Avec la propagation du COVID19, et la possibilit\u00e9 d&#8217;un d\u00e9confinement, pour\u00a0 la reprise d\u2019activit\u00e9 il faudra prendre des mesures de s\u00e9curit\u00e9 n\u00e9cessaires pour prot\u00e9ger la sant\u00e9 des salari\u00e9s, des \u00e9coliers ou d\u2019autres personnes \u00e0 risques. Cela commence par la d\u00e9sinfection des locaux.<\/p>\n<p class=\"vc_custom_heading vc_custom_1574950232971\">Retrouvez ci-dessous les points essentiels concernant les pr\u00e9conisations sanitaires pour la reprise des chantiers, consultez le document complet ici <a href=\"https:\/\/www.mabi.fr\/wp-content\/uploads\/2020\/04\/guide-de-preconisations-covid-19-oppbtp.pdf\">GUIDE-DE-PRECONISATIONS-COVID-19-OPPBTP<\/a><\/p>\n<div><\/div>\n<div class=\"wpb_text_column wpb_content_element vc_custom_1575627218424\">\n<div class=\"wpb_wrapper\"><\/div>\n<\/div>\n<p>[\/vc_column_text][vc_custom_heading text=&#8221;COVID19 &#8211; DESINFECTION POUR LES PROFESSIONNELS&#8221; font_container=&#8221;tag:h3|font_size:20px|text_align:left|color:%2308276e|line_height:27px&#8221; use_theme_fonts=&#8221;yes&#8221;][vc_column_text css=&#8221;.vc_custom_1588229410437{margin-top: 0px !important;margin-bottom: 0px !important;}&#8221;]<\/p>\n<div>\n<p class=\"p1\">DESINFECTANT CONCENTRE A DILUER Bact\u00e9ricide-Fongicide-Virucide<\/p>\n<\/div>\n<div class=\"wpb_text_column wpb_content_element vc_custom_1575627218424\">\n<div class=\"wpb_wrapper\">Produit de nettoyage \u00e0 action d\u00e9sinfectante (TP2, TP4). Concentr\u00e9 \u00e9mulsionnable (EC) \u00e0 diluer.<\/div>\n<div>Int\u00e9rieur\/ext\u00e9rieur Surfaces, mat\u00e9riaux, \u00e9quipements et mobilier Lieux : collectivit\u00e9s, ext\u00e9rieur, h\u00f4pitaux, centres de soins, m\u00e9dicaux, cabinets dentaires, infirmerie d&#8217;\u00e9cole, jardins d&#8217;enfants, maisons de retraite, blanchisseries, cuisines, industries agro-alimentaire.<\/div>\n<\/div>\n<p>[\/vc_column_text][\/vc_column][\/vc_row][vc_row css=&#8221;.vc_custom_1511779261729{margin-top: 15px !important;margin-right: 0px !important;margin-bottom: 15px !important;padding-top: 0px !important;padding-right: 0px !important;padding-bottom: 0px !important;}&#8221;][vc_column width=&#8221;1\/2&#8243; css=&#8221;.vc_custom_1511779316701{margin-top: 0px !important;margin-right: 0px !important;margin-bottom: 0px !important;padding-top: 10px !important;padding-right: 0px !important;padding-bottom: 10px !important;}&#8221;][vc_column_text css=&#8221;.vc_custom_1588229737355{margin-top: 0px !important;margin-bottom: 0px !important;}&#8221;]<\/p>\n<h3>Pour la d\u00e9sinfection des locaux Mabi vous propose un produit conforme qui r\u00e9pond aux normes et exigence sanitaire en vigueurs.<\/h3>\n<table class=\"woocommerce-product-attributes shop_attributes\">\n<tbody>\n<tr class=\"woocommerce-product-attributes-item woocommerce-product-attributes-item--attribute_fabric\">\n<th class=\"woocommerce-product-attributes-item__label\">Solution d\u00e9sinfectante (TP 2 et 4) pour sols et surfaces diverses (PVC, inox, surfaces carrel\u00e9es, mat\u00e9riaux min\u00e9raux, b\u00e9ton, bois\u2026)<\/th>\n<\/tr>\n<tr class=\"woocommerce-product-attributes-item woocommerce-product-attributes-item--attribute_color\">\n<th class=\"woocommerce-product-attributes-item__label\">Bact\u00e9ricide, fongicide, virucide<\/th>\n<\/tr>\n<tr class=\"woocommerce-product-attributes-item woocommerce-product-attributes-item--attribute_weight\">\n<th class=\"woocommerce-product-attributes-item__label\">Produit concentr\u00e9 \u00e0 diluer \u00e0 10% avec de l\u2019eau<\/th>\n<\/tr>\n<tr class=\"woocommerce-product-attributes-item woocommerce-product-attributes-item--attribute_height\">\n<th class=\"woocommerce-product-attributes-item__label\">Usage professionnel<\/th>\n<\/tr>\n<tr class=\"woocommerce-product-attributes-item woocommerce-product-attributes-item--attribute_length\">\n<th class=\"woocommerce-product-attributes-item__label\">Utilisation en application par trempage, essuyage, pulv\u00e9risation, arrosage de surface, sur support mouill\u00e9<\/th>\n<\/tr>\n<tr class=\"woocommerce-product-attributes-item woocommerce-product-attributes-item--attribute_depth\">\n<th class=\"woocommerce-product-attributes-item__label\">Usages int\u00e9rieur et ext\u00e9rieur<\/th>\n<\/tr>\n<tr class=\"woocommerce-product-attributes-item woocommerce-product-attributes-item--attribute_size\">\n<th class=\"woocommerce-product-attributes-item__label\">Mousse faiblement<\/th>\n<\/tr>\n<tr class=\"woocommerce-product-attributes-item woocommerce-product-attributes-item--attribute_size\">\n<th class=\"woocommerce-product-attributes-item__label\">Sans conservateurs, sans colorant, sans parfum, sans Javel<\/th>\n<\/tr>\n<\/tbody>\n<\/table>\n<p>[\/vc_column_text][\/vc_column][vc_column width=&#8221;1\/2&#8243;][vc_images_carousel images=&#8221;11837&#8243; img_size=&#8221;full&#8221;][\/vc_column][\/vc_row][vc_row css=&#8221;.vc_custom_1511779261729{margin-top: 15px !important;margin-right: 0px !important;margin-bottom: 15px !important;padding-top: 0px !important;padding-right: 0px !important;padding-bottom: 0px !important;}&#8221;][vc_column css=&#8221;.vc_custom_1511779316701{margin-top: 0px !important;margin-right: 0px !important;margin-bottom: 0px !important;padding-top: 10px !important;padding-right: 0px !important;padding-bottom: 10px !important;}&#8221;][vc_column_text css=&#8221;.vc_custom_1588229535170{margin-top: 0px !important;margin-bottom: 0px !important;}&#8221;]<\/p>\n<div>\n<h3 class=\"p1\">D\u00e9sinfectant COVID19-Caract\u00e9ristiques d\u2019efficacit\u00e9 et conseil d&#8217;application<\/h3>\n<p class=\"p1\">Efficacit\u00e9 bact\u00e9ricide (EN1276), fongicide levuricide (EN1650), et virucide (EN14476)<\/p>\n<\/div>\n<div class=\"wpb_text_column wpb_content_element vc_custom_1575627218424\">\n<div class=\"wpb_wrapper\">Dilution \u00e0 10% en masse et\/ou volume dans l\u2019eau pour la pr\u00e9paration du pr\u00eat \u00e0 l\u2019emploi. Soit 1 part de DESINFECTANT CONCENTRE A DILUER + 9 parts d\u2019eau propre. Le m\u00e9lange s\u2019effectue, dans un r\u00e9cipient propre, par ajout de l\u2019eau de dilution dans le concentr\u00e9 ou par agitation manuelle. Il est recommand\u00e9 de pr\u00e9parer les dilutions au moment de l&#8217;utilisation et de les renouveler autant que n\u00e9cessaire.<\/div>\n<\/div>\n<p>[\/vc_column_text][vc_column_inner css=&#8221;.vc_custom_1528893021249{padding-top: 0px !important;padding-right: 0px !important;padding-bottom: 0px !important;padding-left: 0px !important;}&#8221;]<div class=\"rt-call-to-action-wraper element-one  \"   style=\"background-color:#515151;\"><div class=\"rt-call-to-action-wraper-overlay\" style=\"background-color:#515151;\"><\/div><div class=\"row rt-call-to-action\"><div class=\"col-lg-8 col-md-7 col-sm-7 col-xs-12\"><div class=\"rt-call-to-action-item matchHeight text-left\"><div class=\"table\"><div class=\"table-cell\"><p style=\"color:#ffffff; font-size:32px; line-height:40px;\">Commander en ligne<\/p><\/div><\/div><\/div><\/div><div class=\"col-lg-4 col-md-5 col-sm-5 col-xs-12\"><div class=\"rt-call-to-action-item matchHeight text-center\" style=\"background-color:#515151;\"><div class=\"table\"><div class=\"table-cell\"><a class=\"btn \" href=\"https:\/\/shop.mabi.fr\/fr\/92-protection-covid\" title=\"\" rel=\"\">Stock &amp; tarif ici<\/a><\/div><\/div><\/div><\/div><\/div><\/div>[\/vc_column_inner][\/vc_column][\/vc_row][vc_row css=&#8221;.vc_custom_1511779261729{margin-top: 15px !important;margin-right: 0px !important;margin-bottom: 15px !important;padding-top: 0px !important;padding-right: 0px !important;padding-bottom: 0px !important;}&#8221;][vc_column width=&#8221;1\/2&#8243; css=&#8221;.vc_custom_1511779316701{margin-top: 0px !important;margin-right: 0px !important;margin-bottom: 0px !important;padding-top: 10px !important;padding-right: 0px !important;padding-bottom: 10px !important;}&#8221;][vc_column_text css=&#8221;.vc_custom_1588229557277{margin-top: 0px !important;margin-bottom: 0px !important;}&#8221;]<\/p>\n<div>\n<p class=\"p5\">D\u00e9couvrez \u00e9galement le kit sanitaire individuel Mabi pour la reprise de votre activit\u00e9 :<\/p>\n<\/div>\n<p>[\/vc_column_text][vc_images_carousel images=&#8221;11810,11813,11816&#8243; img_size=&#8221;full&#8221;][\/vc_column][vc_column width=&#8221;1\/2&#8243;][vc_column_text css=&#8221;.vc_custom_1588146475187{margin-top: 0px !important;margin-bottom: 0px !important;}&#8221;]<strong>Contenu du KIT sanitaire individuel<\/strong> :<\/p>\n<p class=\"text-build-content\">&#8211; 500 ml de gel Hydroalcoolique<\/p>\n<p class=\"text-build-content\">&#8211; 20 masques chirurgicaux type 2<\/p>\n<p class=\"text-build-content\">&#8211; 100 gants jetables latex (taille 8-9)<\/p>\n<p class=\"text-build-content\">&#8211; 50 sacs poubelles de 20L<\/p>\n<p class=\"text-build-content\">&#8211; un pulv\u00e9risateur 1,5L (pour solution d\u00e9sinfectante, fourni vide)<\/p>\n<p>[\/vc_column_text][\/vc_column][\/vc_row][vc_row css=&#8221;.vc_custom_1511779261729{margin-top: 15px !important;margin-right: 0px !important;margin-bottom: 15px !important;padding-top: 0px !important;padding-right: 0px !important;padding-bottom: 0px !important;}&#8221;][vc_column css=&#8221;.vc_custom_1511779316701{margin-top: 0px !important;margin-right: 0px !important;margin-bottom: 0px !important;padding-top: 10px !important;padding-right: 0px !important;padding-bottom: 10px !important;}&#8221;][vc_column_text css=&#8221;.vc_custom_1588146570012{margin-top: 0px !important;margin-bottom: 0px !important;}&#8221;]<\/p>\n<div>\n<h4 class=\"p5\">Prenez soin de vous et de vos proches<\/h4>\n<\/div>\n<div class=\"wpb_text_column wpb_content_element vc_custom_1575627218424\">\n<div class=\"wpb_wrapper\"><\/div>\n<\/div>\n<p>[\/vc_column_text]<div class=\"rt-call-to-action-wraper element-one  \"   style=\"background-color:#515151;\"><div class=\"rt-call-to-action-wraper-overlay\" style=\"background-color:#515151;\"><\/div><div class=\"row rt-call-to-action\"><div class=\"col-lg-8 col-md-7 col-sm-7 col-xs-12\"><div class=\"rt-call-to-action-item matchHeight text-left\"><div class=\"table\"><div class=\"table-cell\"><p style=\"color:#ffffff; font-size:32px; line-height:40px;\">Je souhaite recevoir plus d'informations<\/p><\/div><\/div><\/div><\/div><div class=\"col-lg-4 col-md-5 col-sm-5 col-xs-12\"><div class=\"rt-call-to-action-item matchHeight text-center\" style=\"background-color:#515151;\"><div class=\"table\"><div class=\"table-cell\"><h4 style=\"color:#ffffff; font-size:22px; line-height:32px;\">Contactez-nous <strong>bidaux@mabi.fr<\/strong><\/h4><\/div><\/div><\/div><\/div><\/div><\/div>[\/vc_column][\/vc_row][vc_row][vc_column][vc_facebook][\/vc_column][\/vc_row][\/vc_section]<\/p>\n<\/div>","protected":false},"excerpt":{"rendered":"<p>[vc_section css=&#8221;.vc_custom_1511865388351{margin-right: 0px !important;padding-right: 0px !important;padding-left: 15px !important;}&#8221;][vc_row css=&#8221;.vc_custom_1511779252590{margin-top: 0px !important;margin-right: 0px !important;margin-bottom: 0px !important;padding-top: 0px !important;padding-right: 0px !important;padding-bottom: 0px !important;}&#8221;][vc_column css=&#8221;.vc_custom_1510315343991{margin-top: 0px !important;margin-bottom: 30px !important;padding-top: 0px !important;padding-bottom: 0px !important;}&#8221;][vc_column_text css=&#8221;.vc_custom_1578999296435{margin-top: 0px !important;margin-bottom: 0px !important;}&#8221;][\/vc_column_text][vc_column_text css=&#8221;.vc_custom_1578999296435{margin-top: 0px !important;margin-bottom: 0px !important;}&#8221;][\/vc_column_text][vc_custom_heading text=&#8221;COVID19 &#8211; D\u00e9sinfection des locaux&#8221; font_container=&#8221;tag:h2|font_size:20px|text_align:left|color:%2308276e|line_height:27px&#8221; use_theme_fonts=&#8221;yes&#8221;][vc_column_text css=&#8221;.vc_custom_1588826857790{margin-top: 0px !important;margin-bottom: 0px !important;}&#8221;]En cas de contamination [&hellip;]<\/p>\n","protected":false},"author":3,"featured_media":0,"comment_status":"closed","ping_status":"closed","sticky":false,"template":"","format":"standard","meta":{"footnotes":""},"categories":[100,98],"tags":[],"class_list":["post-11829","post","type-post","status-publish","format-standard","hentry","category-produits-chimiques","category-protection"],"yoast_head":"<!-- This site is optimized with the Yoast SEO plugin v27.4 - https:\/\/yoast.com\/product\/yoast-seo-wordpress\/ -->\n<title>D\u00e9sinfectant Concentr\u00e9 professionnel - COVID19 - Mabi<\/title>\n<meta name=\"description\" content=\"En cas de contamination d\u2019un lieu de travail d\u2019une entreprise, de magasins et les \u00e9coles, la d\u00e9sinfection est obligatoire suivant la r\u00e9glementation du\" \/>\n<meta name=\"robots\" content=\"index, follow, max-snippet:-1, max-image-preview:large, max-video-preview:-1\" \/>\n<link rel=\"canonical\" href=\"https:\/\/www.mabi.fr\/fr\/2020\/05\/desinfectant-concentre-professionnel-covid19\/\" \/>\n<meta property=\"og:locale\" content=\"fr_FR\" \/>\n<meta property=\"og:type\" content=\"article\" \/>\n<meta property=\"og:title\" content=\"D\u00e9sinfectant Concentr\u00e9 professionnel - COVID19 - Mabi\" \/>\n<meta property=\"og:description\" content=\"En cas de contamination d\u2019un lieu de travail d\u2019une entreprise, de magasins et les \u00e9coles, la d\u00e9sinfection est obligatoire suivant la r\u00e9glementation du\" \/>\n<meta property=\"og:url\" content=\"https:\/\/www.mabi.fr\/fr\/2020\/05\/desinfectant-concentre-professionnel-covid19\/\" \/>\n<meta property=\"og:site_name\" content=\"Mabi\" \/>\n<meta property=\"article:publisher\" content=\"https:\/\/www.facebook.com\/team.mabi\/\" \/>\n<meta property=\"article:published_time\" content=\"2020-05-04T19:21:01+00:00\" \/>\n<meta property=\"article:modified_time\" content=\"2020-11-23T13:08:38+00:00\" \/>\n<meta property=\"og:image\" content=\"https:\/\/www.mabi.fr\/wp-content\/uploads\/2018\/04\/logo-mabi.png\" \/>\n\t<meta property=\"og:image:width\" content=\"400\" \/>\n\t<meta property=\"og:image:height\" content=\"165\" \/>\n\t<meta property=\"og:image:type\" content=\"image\/png\" \/>\n<meta name=\"author\" content=\"Mabi\" \/>\n<meta name=\"twitter:card\" content=\"summary_large_image\" \/>\n<meta name=\"twitter:label1\" content=\"\u00c9crit par\" \/>\n\t<meta name=\"twitter:data1\" content=\"Mabi\" \/>\n\t<meta name=\"twitter:label2\" content=\"Dur\u00e9e de lecture estim\u00e9e\" \/>\n\t<meta name=\"twitter:data2\" content=\"5 minutes\" \/>\n<script type=\"application\/ld+json\" class=\"yoast-schema-graph\">{\"@context\":\"https:\\\/\\\/schema.org\",\"@graph\":[{\"@type\":\"Article\",\"@id\":\"https:\\\/\\\/www.mabi.fr\\\/fr\\\/2020\\\/05\\\/desinfectant-concentre-professionnel-covid19\\\/#article\",\"isPartOf\":{\"@id\":\"https:\\\/\\\/www.mabi.fr\\\/fr\\\/2020\\\/05\\\/desinfectant-concentre-professionnel-covid19\\\/\"},\"author\":{\"name\":\"Mabi\",\"@id\":\"https:\\\/\\\/www.mabi.fr\\\/fr\\\/#\\\/schema\\\/person\\\/484127558ce907bc042826a61553259a\"},\"headline\":\"D\u00e9sinfectant Concentr\u00e9 professionnel &#8211; COVID19\",\"datePublished\":\"2020-05-04T19:21:01+00:00\",\"dateModified\":\"2020-11-23T13:08:38+00:00\",\"mainEntityOfPage\":{\"@id\":\"https:\\\/\\\/www.mabi.fr\\\/fr\\\/2020\\\/05\\\/desinfectant-concentre-professionnel-covid19\\\/\"},\"wordCount\":985,\"publisher\":{\"@id\":\"https:\\\/\\\/www.mabi.fr\\\/fr\\\/#organization\"},\"articleSection\":[\"Produits chimiques\",\"Protection\"],\"inLanguage\":\"fr-FR\"},{\"@type\":\"WebPage\",\"@id\":\"https:\\\/\\\/www.mabi.fr\\\/fr\\\/2020\\\/05\\\/desinfectant-concentre-professionnel-covid19\\\/\",\"url\":\"https:\\\/\\\/www.mabi.fr\\\/fr\\\/2020\\\/05\\\/desinfectant-concentre-professionnel-covid19\\\/\",\"name\":\"D\u00e9sinfectant Concentr\u00e9 professionnel - COVID19 - Mabi\",\"isPartOf\":{\"@id\":\"https:\\\/\\\/www.mabi.fr\\\/fr\\\/#website\"},\"datePublished\":\"2020-05-04T19:21:01+00:00\",\"dateModified\":\"2020-11-23T13:08:38+00:00\",\"description\":\"En cas de contamination d\u2019un lieu de travail d\u2019une entreprise, de magasins et les \u00e9coles, la d\u00e9sinfection est obligatoire suivant la r\u00e9glementation du\",\"breadcrumb\":{\"@id\":\"https:\\\/\\\/www.mabi.fr\\\/fr\\\/2020\\\/05\\\/desinfectant-concentre-professionnel-covid19\\\/#breadcrumb\"},\"inLanguage\":\"fr-FR\",\"potentialAction\":[{\"@type\":\"ReadAction\",\"target\":[\"https:\\\/\\\/www.mabi.fr\\\/fr\\\/2020\\\/05\\\/desinfectant-concentre-professionnel-covid19\\\/\"]}]},{\"@type\":\"BreadcrumbList\",\"@id\":\"https:\\\/\\\/www.mabi.fr\\\/fr\\\/2020\\\/05\\\/desinfectant-concentre-professionnel-covid19\\\/#breadcrumb\",\"itemListElement\":[{\"@type\":\"ListItem\",\"position\":1,\"name\":\"Accueil\",\"item\":\"https:\\\/\\\/www.mabi.fr\\\/fr\\\/\"},{\"@type\":\"ListItem\",\"position\":2,\"name\":\"D\u00e9sinfectant Concentr\u00e9 professionnel &#8211; COVID19\"}]},{\"@type\":\"WebSite\",\"@id\":\"https:\\\/\\\/www.mabi.fr\\\/fr\\\/#website\",\"url\":\"https:\\\/\\\/www.mabi.fr\\\/fr\\\/\",\"name\":\"Mabi\",\"description\":\"Traitement du bois et des murs\",\"publisher\":{\"@id\":\"https:\\\/\\\/www.mabi.fr\\\/fr\\\/#organization\"},\"inLanguage\":\"fr-FR\"},{\"@type\":\"Organization\",\"@id\":\"https:\\\/\\\/www.mabi.fr\\\/fr\\\/#organization\",\"name\":\"MABI\",\"url\":\"https:\\\/\\\/www.mabi.fr\\\/fr\\\/\",\"logo\":{\"@type\":\"ImageObject\",\"inLanguage\":\"fr-FR\",\"@id\":\"https:\\\/\\\/www.mabi.fr\\\/fr\\\/#\\\/schema\\\/logo\\\/image\\\/\",\"url\":\"https:\\\/\\\/www.mabi.fr\\\/wp-content\\\/uploads\\\/2018\\\/04\\\/logo-mabi.png\",\"contentUrl\":\"https:\\\/\\\/www.mabi.fr\\\/wp-content\\\/uploads\\\/2018\\\/04\\\/logo-mabi.png\",\"width\":400,\"height\":165,\"caption\":\"MABI\"},\"image\":{\"@id\":\"https:\\\/\\\/www.mabi.fr\\\/fr\\\/#\\\/schema\\\/logo\\\/image\\\/\"},\"sameAs\":[\"https:\\\/\\\/www.facebook.com\\\/team.mabi\\\/\",\"https:\\\/\\\/www.youtube.com\\\/channel\\\/UCROWjwVyMZg_5ybzXJofFlg\"]},{\"@type\":\"Person\",\"@id\":\"https:\\\/\\\/www.mabi.fr\\\/fr\\\/#\\\/schema\\\/person\\\/484127558ce907bc042826a61553259a\",\"name\":\"Mabi\",\"image\":{\"@type\":\"ImageObject\",\"inLanguage\":\"fr-FR\",\"@id\":\"https:\\\/\\\/secure.gravatar.com\\\/avatar\\\/82af1fd0989cd4216d2e0ce89972cea75a9214661afe9d79e15525c8767abc4c?s=96&d=mm&r=g\",\"url\":\"https:\\\/\\\/secure.gravatar.com\\\/avatar\\\/82af1fd0989cd4216d2e0ce89972cea75a9214661afe9d79e15525c8767abc4c?s=96&d=mm&r=g\",\"contentUrl\":\"https:\\\/\\\/secure.gravatar.com\\\/avatar\\\/82af1fd0989cd4216d2e0ce89972cea75a9214661afe9d79e15525c8767abc4c?s=96&d=mm&r=g\",\"caption\":\"Mabi\"},\"sameAs\":[\"https:\\\/\\\/www.mabi.fr\"]}]}<\/script>\n<!-- \/ Yoast SEO plugin. -->","yoast_head_json":{"title":"D\u00e9sinfectant Concentr\u00e9 professionnel - COVID19 - Mabi","description":"En cas de contamination d\u2019un lieu de travail d\u2019une entreprise, de magasins et les \u00e9coles, la d\u00e9sinfection est obligatoire suivant la r\u00e9glementation du","robots":{"index":"index","follow":"follow","max-snippet":"max-snippet:-1","max-image-preview":"max-image-preview:large","max-video-preview":"max-video-preview:-1"},"canonical":"https:\/\/www.mabi.fr\/fr\/2020\/05\/desinfectant-concentre-professionnel-covid19\/","og_locale":"fr_FR","og_type":"article","og_title":"D\u00e9sinfectant Concentr\u00e9 professionnel - COVID19 - Mabi","og_description":"En cas de contamination d\u2019un lieu de travail d\u2019une entreprise, de magasins et les \u00e9coles, la d\u00e9sinfection est obligatoire suivant la r\u00e9glementation du","og_url":"https:\/\/www.mabi.fr\/fr\/2020\/05\/desinfectant-concentre-professionnel-covid19\/","og_site_name":"Mabi","article_publisher":"https:\/\/www.facebook.com\/team.mabi\/","article_published_time":"2020-05-04T19:21:01+00:00","article_modified_time":"2020-11-23T13:08:38+00:00","og_image":[{"width":400,"height":165,"url":"https:\/\/www.mabi.fr\/wp-content\/uploads\/2018\/04\/logo-mabi.png","type":"image\/png"}],"author":"Mabi","twitter_card":"summary_large_image","twitter_misc":{"\u00c9crit par":"Mabi","Dur\u00e9e de lecture estim\u00e9e":"5 minutes"},"schema":{"@context":"https:\/\/schema.org","@graph":[{"@type":"Article","@id":"https:\/\/www.mabi.fr\/fr\/2020\/05\/desinfectant-concentre-professionnel-covid19\/#article","isPartOf":{"@id":"https:\/\/www.mabi.fr\/fr\/2020\/05\/desinfectant-concentre-professionnel-covid19\/"},"author":{"name":"Mabi","@id":"https:\/\/www.mabi.fr\/fr\/#\/schema\/person\/484127558ce907bc042826a61553259a"},"headline":"D\u00e9sinfectant Concentr\u00e9 professionnel &#8211; COVID19","datePublished":"2020-05-04T19:21:01+00:00","dateModified":"2020-11-23T13:08:38+00:00","mainEntityOfPage":{"@id":"https:\/\/www.mabi.fr\/fr\/2020\/05\/desinfectant-concentre-professionnel-covid19\/"},"wordCount":985,"publisher":{"@id":"https:\/\/www.mabi.fr\/fr\/#organization"},"articleSection":["Produits chimiques","Protection"],"inLanguage":"fr-FR"},{"@type":"WebPage","@id":"https:\/\/www.mabi.fr\/fr\/2020\/05\/desinfectant-concentre-professionnel-covid19\/","url":"https:\/\/www.mabi.fr\/fr\/2020\/05\/desinfectant-concentre-professionnel-covid19\/","name":"D\u00e9sinfectant Concentr\u00e9 professionnel - COVID19 - Mabi","isPartOf":{"@id":"https:\/\/www.mabi.fr\/fr\/#website"},"datePublished":"2020-05-04T19:21:01+00:00","dateModified":"2020-11-23T13:08:38+00:00","description":"En cas de contamination d\u2019un lieu de travail d\u2019une entreprise, de magasins et les \u00e9coles, la d\u00e9sinfection est obligatoire suivant la r\u00e9glementation du","breadcrumb":{"@id":"https:\/\/www.mabi.fr\/fr\/2020\/05\/desinfectant-concentre-professionnel-covid19\/#breadcrumb"},"inLanguage":"fr-FR","potentialAction":[{"@type":"ReadAction","target":["https:\/\/www.mabi.fr\/fr\/2020\/05\/desinfectant-concentre-professionnel-covid19\/"]}]},{"@type":"BreadcrumbList","@id":"https:\/\/www.mabi.fr\/fr\/2020\/05\/desinfectant-concentre-professionnel-covid19\/#breadcrumb","itemListElement":[{"@type":"ListItem","position":1,"name":"Accueil","item":"https:\/\/www.mabi.fr\/fr\/"},{"@type":"ListItem","position":2,"name":"D\u00e9sinfectant Concentr\u00e9 professionnel &#8211; COVID19"}]},{"@type":"WebSite","@id":"https:\/\/www.mabi.fr\/fr\/#website","url":"https:\/\/www.mabi.fr\/fr\/","name":"Mabi","description":"Traitement du bois et des murs","publisher":{"@id":"https:\/\/www.mabi.fr\/fr\/#organization"},"inLanguage":"fr-FR"},{"@type":"Organization","@id":"https:\/\/www.mabi.fr\/fr\/#organization","name":"MABI","url":"https:\/\/www.mabi.fr\/fr\/","logo":{"@type":"ImageObject","inLanguage":"fr-FR","@id":"https:\/\/www.mabi.fr\/fr\/#\/schema\/logo\/image\/","url":"https:\/\/www.mabi.fr\/wp-content\/uploads\/2018\/04\/logo-mabi.png","contentUrl":"https:\/\/www.mabi.fr\/wp-content\/uploads\/2018\/04\/logo-mabi.png","width":400,"height":165,"caption":"MABI"},"image":{"@id":"https:\/\/www.mabi.fr\/fr\/#\/schema\/logo\/image\/"},"sameAs":["https:\/\/www.facebook.com\/team.mabi\/","https:\/\/www.youtube.com\/channel\/UCROWjwVyMZg_5ybzXJofFlg"]},{"@type":"Person","@id":"https:\/\/www.mabi.fr\/fr\/#\/schema\/person\/484127558ce907bc042826a61553259a","name":"Mabi","image":{"@type":"ImageObject","inLanguage":"fr-FR","@id":"https:\/\/secure.gravatar.com\/avatar\/82af1fd0989cd4216d2e0ce89972cea75a9214661afe9d79e15525c8767abc4c?s=96&d=mm&r=g","url":"https:\/\/secure.gravatar.com\/avatar\/82af1fd0989cd4216d2e0ce89972cea75a9214661afe9d79e15525c8767abc4c?s=96&d=mm&r=g","contentUrl":"https:\/\/secure.gravatar.com\/avatar\/82af1fd0989cd4216d2e0ce89972cea75a9214661afe9d79e15525c8767abc4c?s=96&d=mm&r=g","caption":"Mabi"},"sameAs":["https:\/\/www.mabi.fr"]}]}},"_links":{"self":[{"href":"https:\/\/www.mabi.fr\/fr\/wp-json\/wp\/v2\/posts\/11829","targetHints":{"allow":["GET"]}}],"collection":[{"href":"https:\/\/www.mabi.fr\/fr\/wp-json\/wp\/v2\/posts"}],"about":[{"href":"https:\/\/www.mabi.fr\/fr\/wp-json\/wp\/v2\/types\/post"}],"author":[{"embeddable":true,"href":"https:\/\/www.mabi.fr\/fr\/wp-json\/wp\/v2\/users\/3"}],"replies":[{"embeddable":true,"href":"https:\/\/www.mabi.fr\/fr\/wp-json\/wp\/v2\/comments?post=11829"}],"version-history":[{"count":5,"href":"https:\/\/www.mabi.fr\/fr\/wp-json\/wp\/v2\/posts\/11829\/revisions"}],"predecessor-version":[{"id":12587,"href":"https:\/\/www.mabi.fr\/fr\/wp-json\/wp\/v2\/posts\/11829\/revisions\/12587"}],"wp:attachment":[{"href":"https:\/\/www.mabi.fr\/fr\/wp-json\/wp\/v2\/media?parent=11829"}],"wp:term":[{"taxonomy":"category","embeddable":true,"href":"https:\/\/www.mabi.fr\/fr\/wp-json\/wp\/v2\/categories?post=11829"},{"taxonomy":"post_tag","embeddable":true,"href":"https:\/\/www.mabi.fr\/fr\/wp-json\/wp\/v2\/tags?post=11829"}],"curies":[{"name":"wp","href":"https:\/\/api.w.org\/{rel}","templated":true}]}}