{"id":12647,"date":"2021-01-27T08:35:14","date_gmt":"2021-01-27T07:35:14","guid":{"rendered":"https:\/\/www.mabi.fr\/?p=12647"},"modified":"2021-04-29T11:09:52","modified_gmt":"2021-04-29T09:09:52","slug":"le-port-du-masque-ffp2-obligatoire","status":"publish","type":"post","link":"https:\/\/www.mabi.fr\/fr\/2021\/01\/le-port-du-masque-ffp2-obligatoire\/","title":{"rendered":"Le port du masque FFP2 obligatoire ?"},"content":{"rendered":"<div class=\"wpb-content-wrapper\"><p>[vc_section css=&#8221;.vc_custom_1511865388351{margin-right: 0px !important;padding-right: 0px !important;padding-left: 15px !important;}&#8221;][vc_row css=&#8221;.vc_custom_1511779252590{margin-top: 0px !important;margin-right: 0px !important;margin-bottom: 0px !important;padding-top: 0px !important;padding-right: 0px !important;padding-bottom: 0px !important;}&#8221;][vc_column css=&#8221;.vc_custom_1510315343991{margin-top: 0px !important;margin-bottom: 30px !important;padding-top: 0px !important;padding-bottom: 0px !important;}&#8221;][vc_column_text css=&#8221;.vc_custom_1578999296435{margin-top: 0px !important;margin-bottom: 0px !important;}&#8221;][\/vc_column_text][vc_column_text css=&#8221;.vc_custom_1578999296435{margin-top: 0px !important;margin-bottom: 0px !important;}&#8221;][\/vc_column_text][vc_custom_heading text=&#8221;Le port du masque FFP2 est-il obligatoire?&#8221; font_container=&#8221;tag:h2|font_size:20px|text_align:left|color:%2308276e|line_height:27px&#8221; use_theme_fonts=&#8221;yes&#8221;][vc_column_text css=&#8221;.vc_custom_1616053973279{margin-top: 0px !important;margin-bottom: 0px !important;}&#8221;]<\/p>\n<p class=\"p1\">Suite aux annonces gouvernementales du vendredi 22 janvier, un d\u00e9cret devrait \u00eatre publi\u00e9 prochainement. Ce d\u00e9cret stipulerait l&#8217;interdiction du port de masques en tissu dans les espaces publics, en autorisant uniquement les masques FFP2, les masques chirurgicaux et les masques en tissu industriel de cat\u00e9gorie 1.<\/p>\n<p>L&#8217;Autriche et l&#8217;Allemagne ont d\u00e9j\u00e0 annonc\u00e9 l&#8217;obligation du port du masque FFP2 pour les plus de 14 ans dans les transports, les lieux de prestation de services, les magasins ou pour les rendez-vous m\u00e9dicaux.[\/vc_column_text][\/vc_column][\/vc_row][vc_row css=&#8221;.vc_custom_1511779261729{margin-top: 15px !important;margin-right: 0px !important;margin-bottom: 15px !important;padding-top: 0px !important;padding-right: 0px !important;padding-bottom: 0px !important;}&#8221;][vc_column css=&#8221;.vc_custom_1511779316701{margin-top: 0px !important;margin-right: 0px !important;margin-bottom: 0px !important;padding-top: 10px !important;padding-right: 0px !important;padding-bottom: 10px !important;}&#8221;][vc_column_inner css=&#8221;.vc_custom_1528893021249{padding-top: 0px !important;padding-right: 0px !important;padding-bottom: 0px !important;padding-left: 0px !important;}&#8221;][vc_custom_heading text=&#8221;Masques FFP2, masques chirurgicaux, masques tissus voici leurs diff\u00e9rences :&#8221; font_container=&#8221;tag:h2|font_size:20px|text_align:left|color:%2308276e|line_height:27px&#8221; use_theme_fonts=&#8221;yes&#8221;][vc_column_text css=&#8221;.vc_custom_1590243282376{margin-top: 0px !important;margin-bottom: 0px !important;}&#8221;]<\/p>\n<p class=\"p1\"><b>Voici un rappel des diff\u00e9rentes caract\u00e9ristiques de protection respiratoire disponible actuellement sur le march\u00e9:<\/b><\/p>\n<p>[\/vc_column_text][vc_single_image image=&#8221;12676&#8243; img_size=&#8221;full&#8221;][vc_column_text css=&#8221;.vc_custom_1616054611639{margin-top: 0px !important;margin-bottom: 0px !important;}&#8221;]<\/p>\n<p class=\"p1\"><em>source : https:\/\/www.leparisien.fr\/societe\/variants-du-covid-19-le-port-du-masque-ffp2-desormais-obligatoire-en-autriche-25-01-2021-8421107.php<\/em><\/p>\n<p>[\/vc_column_text][vc_column_text]<\/p>\n<table class=\"t1\" cellspacing=\"0\" cellpadding=\"0\">\n<tbody>\n<tr>\n<td class=\"td1\" valign=\"top\">\n<p class=\"p1\"><b>Demi-Masques chirurgicaux type 1 ou 2<\/b><\/p>\n<\/td>\n<td class=\"td1\" valign=\"top\">\n<p class=\"p2\">A usage unique, ils prot\u00e8gent des gouttelettes<\/p>\n<\/td>\n<\/tr>\n<tr>\n<td class=\"td1\" valign=\"top\">\n<p class=\"p1\"><b>Demi-Masque FFP1, \u00a0FFP2 ou FFP3<\/b><\/p>\n<\/td>\n<td class=\"td1\" valign=\"top\">\n<p class=\"p2\">Ce sont des<span class=\"Apple-converted-space\"> demi <\/span>masques de protection respiratoire jetable. Pour rappel FFP1 : prot\u00e8ge des poussi\u00e8res ou a\u00e9rosols sans toxicit\u00e9 sp\u00e9cifique. FFP2 :<span class=\"Apple-converted-space\">\u00a0 <\/span>prot\u00e8ge des poussi\u00e8res ou a\u00e9rosols moyennement toxique. FFP3 : prot\u00e8ge des poussi\u00e8res ou a\u00e9rosols toxique.<\/p>\n<\/td>\n<\/tr>\n<tr>\n<td class=\"td1\" valign=\"top\">\n<p class=\"p1\"><b>Demi-masque\u00a0bi galette<\/b><\/p>\n<\/td>\n<td class=\"td1\" valign=\"top\">\n<p class=\"p2\">Les demi masques ne sont pas jetables, ils doivent \u00eatre utilis\u00e9s avec des galettes. Avec la double filtration, la respiration est facilit\u00e9e. Ils peuvent \u00eatre utilis\u00e9s avec des galettes P3 ou des galettes A1B1E1P3 en fonction du domaine d&#8217;application.<\/p>\n<\/td>\n<\/tr>\n<tr>\n<td class=\"td1\" valign=\"top\">\n<p class=\"p1\"><b>Masque <\/b><b>panoramique<\/b><\/p>\n<\/td>\n<td class=\"td1\" valign=\"top\">\n<p class=\"p2\">Avec le masque panoramique, le visage est int\u00e9gralement prot\u00e9g\u00e9, le confort de travail est optimal . Il est \u00e9galement utilis\u00e9 avec des cartouches P3 ou A2B2P3R ( le R signifie que la cartouche est r\u00e9utilisable) en fonction du domaine d&#8217;application.<\/p>\n<\/td>\n<\/tr>\n<tr>\n<td class=\"td1\" valign=\"top\">\n<p class=\"p2\"><strong>Ventilation assist\u00e9e<\/strong><\/p>\n<\/td>\n<td class=\"td1\" valign=\"top\">\n<p class=\"p1\">La ventilation assist\u00e9e est le meilleur moyen d\u2019<span class=\"s1\">alli<\/span><span class=\"s2\">er<\/span> confort et rentabilit\u00e9. <span class=\"s3\">U<\/span>tilis\u00e9<span class=\"s3\">e<\/span> pour la protection <span class=\"s3\">contre les<\/span> produit<span class=\"s3\">s<\/span> chimique<span class=\"s3\">s,<\/span> elle prot\u00e8ge \u00e9galement int\u00e9gralement le visage.<\/p>\n<\/td>\n<\/tr>\n<\/tbody>\n<\/table>\n<p>[\/vc_column_text][vc_column_text][\/vc_column_text][vc_custom_heading text=&#8221;Masque FFP2 coqu\u00e9 ou masque FFP2 pliable ?&#8221; font_container=&#8221;tag:h3|font_size:20px|text_align:left|color:%2308276e|line_height:27px&#8221; use_theme_fonts=&#8221;yes&#8221;][\/vc_column_inner][\/vc_column][\/vc_row][vc_row css=&#8221;.vc_custom_1511779261729{margin-top: 15px !important;margin-right: 0px !important;margin-bottom: 15px !important;padding-top: 0px !important;padding-right: 0px !important;padding-bottom: 0px !important;}&#8221;][vc_column css=&#8221;.vc_custom_1511779316701{margin-top: 0px !important;margin-right: 0px !important;margin-bottom: 0px !important;padding-top: 10px !important;padding-right: 0px !important;padding-bottom: 10px !important;}&#8221;][vc_column_text css=&#8221;.vc_custom_1616054419202{margin-top: 0px !important;margin-bottom: 0px !important;}&#8221;]<\/p>\n<p class=\"p1\"><strong>Masque FFP2 coqu\u00e9 :<\/strong><\/p>\n<ul>\n<li class=\"p1\">Conforme \u00e0 la l\u00e9gislation fran\u00e7aise &#8211; Conforme aux prochaines exigences g\u00e9n\u00e9rales de la Directive 89\/686 CEE du Conseil.<\/li>\n<li class=\"p1\">Partie sup\u00e9rieure pr\u00e9form\u00e9e proche de la r\u00e9gion nasale ce qui vous permet un ajustement rapide et facile, extr\u00eamement efficace et s\u00fbr.<\/li>\n<li class=\"p1\">Coquille moul\u00e9e \u00e0 chaud : masque semi-rigide, la forme du masque maintenue dans le temps.<\/li>\n<\/ul>\n<p>&nbsp;<\/p>\n<p><strong>Masque FFP2 pliable avec soupape :<\/strong><\/p>\n<ul>\n<li id=\"tw-target-text\" class=\"tw-data-text tw-text-large XcVN5d tw-ta\" dir=\"ltr\" data-placeholder=\"Traduction\"><span lang=\"fr\">Expiration efficace et facile. <\/span><\/li>\n<li class=\"tw-data-text tw-text-large XcVN5d tw-ta\" dir=\"ltr\" data-placeholder=\"Traduction\"><span lang=\"fr\">Il am\u00e9liore la r\u00e9duction de la chaleur et de l&#8217;air humide \u00e0 l&#8217;int\u00e9rieur du masque prolonge la dur\u00e9e de port du demi-masque sans interruption.<\/span><\/li>\n<li dir=\"ltr\" data-placeholder=\"Traduction\">Demi-masque FFP2 filtrant principalement compos\u00e9 de la partie du visage en mat\u00e9riau filtrant et accessoires tels que bandeaux ou valve d&#8217;expiration (selon le mod\u00e8le). <span lang=\"fr\">Quand l&#8217;air est aspir\u00e9, il traverse le mat\u00e9riau de filtration o\u00f9 il est nettoy\u00e9 avant d&#8217;\u00eatre inhal\u00e9. L&#8217;air expir\u00e9 passe \u00e0 travers le mat\u00e9riau de filtration (dans les masques sans valve) ou \u00e0 travers les deux la valve d&#8217;expiration et le mat\u00e9riel de filtration (dans les mod\u00e8les avec valve).<\/span><\/li>\n<li dir=\"ltr\" data-placeholder=\"Traduction\">La coupe du masque doit \u00eatre bien ajust\u00e9 au visage de l&#8217;utilisateur.<\/li>\n<li dir=\"ltr\" data-placeholder=\"Traduction\">Normes <span class=\"fontstyle0\">EN 149:2001 + A1:2009<\/span>\u00a0 CE1437<\/li>\n<\/ul>\n<p>[\/vc_column_text][vc_images_carousel images=&#8221;12657&#8243; img_size=&#8221;full&#8221;]<div class=\"rt-call-to-action-wraper element-one  \"   style=\"background-color:#515151;\"><div class=\"rt-call-to-action-wraper-overlay\" style=\"background-color:#515151;\"><\/div><div class=\"row rt-call-to-action\"><div class=\"col-lg-8 col-md-7 col-sm-7 col-xs-12\"><div class=\"rt-call-to-action-item matchHeight text-left\"><div class=\"table\"><div class=\"table-cell\"><p style=\"color:#ffffff; font-size:32px; line-height:40px;\">Commander en ligne les masques FFP2<\/p><\/div><\/div><\/div><\/div><div class=\"col-lg-4 col-md-5 col-sm-5 col-xs-12\"><div class=\"rt-call-to-action-item matchHeight text-center\" style=\"background-color:#515151;\"><div class=\"table\"><div class=\"table-cell\"><a class=\"btn \" href=\"https:\/\/shop.mabi.fr\/fr\/74-masques\" title=\"\" rel=\"\">Stock &amp; tarif ici<\/a><\/div><\/div><\/div><\/div><\/div><\/div>[vc_single_image image=&#8221;12671&#8243; img_size=&#8221;full&#8221;][\/vc_column][\/vc_row][vc_row css=&#8221;.vc_custom_1511779261729{margin-top: 15px !important;margin-right: 0px !important;margin-bottom: 15px !important;padding-top: 0px !important;padding-right: 0px !important;padding-bottom: 0px !important;}&#8221;][vc_column width=&#8221;1\/2&#8243; css=&#8221;.vc_custom_1511779316701{margin-top: 0px !important;margin-right: 0px !important;margin-bottom: 0px !important;padding-top: 10px !important;padding-right: 0px !important;padding-bottom: 10px !important;}&#8221;][vc_custom_heading text=&#8221;Les autres protection respiratoire&#8221; font_container=&#8221;tag:h4|font_size:20px|text_align:left|color:%2308276e|line_height:27px&#8221; use_theme_fonts=&#8221;yes&#8221;][vc_column_text css=&#8221;.vc_custom_1616054453934{margin-top: 0px !important;margin-bottom: 0px !important;}&#8221;]<\/p>\n<h4 class=\"p1\">Demi masque bi galette<\/h4>\n<p class=\"p1\">Serre-t\u00eate r\u00e9glable, double filtration facilitant la respiration. Une large jupe d\u2019\u00e9tanch\u00e9it\u00e9 en mat\u00e9riau anti-allerg\u00e8ne souple est con\u00e7ue pour \u00e9viter les fuites et \u00e9pouser parfaitement la forme du visage.<\/p>\n<p>[\/vc_column_text][\/vc_column][vc_column width=&#8221;1\/2&#8243;][vc_images_carousel images=&#8221;11894&#8243; img_size=&#8221;full&#8221;][\/vc_column][\/vc_row][vc_row css=&#8221;.vc_custom_1511779261729{margin-top: 15px !important;margin-right: 0px !important;margin-bottom: 15px !important;padding-top: 0px !important;padding-right: 0px !important;padding-bottom: 0px !important;}&#8221;][vc_column width=&#8221;1\/2&#8243; css=&#8221;.vc_custom_1511779316701{margin-top: 0px !important;margin-right: 0px !important;margin-bottom: 0px !important;padding-top: 10px !important;padding-right: 0px !important;padding-bottom: 10px !important;}&#8221;][vc_column_text css=&#8221;.vc_custom_1616054474491{margin-top: 0px !important;margin-bottom: 0px !important;}&#8221;]<\/p>\n<h4 class=\"p1\">Masque panoramique<\/h4>\n<p class=\"p1\">Confort optimum, gr\u00e2ce \u00e0 son nez de cochon, int\u00e9rieur silicone, visi\u00e8re robuste en polycarbonate trait\u00e9e anti-rayures et antibu\u00e9e. R\u00e9siste aux solvants, se fixe avec 5 brides r\u00e9glables. La cartouche A2B2P3R est r\u00e9utilisable, gr\u00e2ce \u00e0 son opercule de protection.<\/p>\n<p>[\/vc_column_text][\/vc_column][vc_column width=&#8221;1\/2&#8243;][vc_images_carousel images=&#8221;11888&#8243; img_size=&#8221;full&#8221;][\/vc_column][\/vc_row][vc_row css=&#8221;.vc_custom_1511779261729{margin-top: 15px !important;margin-right: 0px !important;margin-bottom: 15px !important;padding-top: 0px !important;padding-right: 0px !important;padding-bottom: 0px !important;}&#8221;][vc_column width=&#8221;1\/2&#8243; css=&#8221;.vc_custom_1511779316701{margin-top: 0px !important;margin-right: 0px !important;margin-bottom: 0px !important;padding-top: 10px !important;padding-right: 0px !important;padding-bottom: 10px !important;}&#8221;][vc_column_text css=&#8221;.vc_custom_1616054502241{margin-top: 0px !important;margin-bottom: 0px !important;}&#8221;]<\/p>\n<h4 class=\"p1\">Ventilation assist\u00e9e<\/h4>\n<p class=\"p1\">Id\u00e9ale pour travailler dans les milieux pollu\u00e9s et confin\u00e9s. Avec une arriv\u00e9e d&#8217;air permanente pour un meilleur confort (d\u00e9bit r\u00e9glable de 120 \u00e0 235L\/ MIN). Utilisable avec 3 cartouches (non fournies). Ventilateur branch\u00e9 sur batterie, jusqu\u2019\u00e0 10H d\u2019autonomie. Temps de charge 3H environ. Livr\u00e9e en valise avec tuyau, batterie Lithium-ion et chargeur. Syst\u00e8me \u00e9lectronique, \u00e9cran couleur avec indicateur de d\u00e9bit d&#8217;air. S&#8217;adapte sur masque panoramique ou cagoule. Ceinture confort avec maintien renforc\u00e9.<\/p>\n<p>[\/vc_column_text][\/vc_column][vc_column width=&#8221;1\/2&#8243;][vc_images_carousel images=&#8221;11897&#8243; img_size=&#8221;full&#8221;][\/vc_column][\/vc_row][vc_row css=&#8221;.vc_custom_1511779261729{margin-top: 15px !important;margin-right: 0px !important;margin-bottom: 15px !important;padding-top: 0px !important;padding-right: 0px !important;padding-bottom: 0px !important;}&#8221;][vc_column css=&#8221;.vc_custom_1511779316701{margin-top: 0px !important;margin-right: 0px !important;margin-bottom: 0px !important;padding-top: 10px !important;padding-right: 0px !important;padding-bottom: 10px !important;}&#8221;][vc_column_text css=&#8221;.vc_custom_1590471390053{margin-top: 0px !important;margin-bottom: 0px !important;}&#8221;]Un nouveau document de l&#8217;INRS rassemble et synth\u00e9tise les principaux usages des masques propos\u00e9s dans le cadre de la pr\u00e9vention de la transmission du COVID-19. <a href=\"https:\/\/www.mabi.fr\/wp-content\/uploads\/2020\/05\/ed6392.pdf\" target=\"_blank\" rel=\"noopener noreferrer\">ICI<\/a>[\/vc_column_text][\/vc_column][\/vc_row][vc_row css=&#8221;.vc_custom_1511779261729{margin-top: 15px !important;margin-right: 0px !important;margin-bottom: 15px !important;padding-top: 0px !important;padding-right: 0px !important;padding-bottom: 0px !important;}&#8221;][vc_column css=&#8221;.vc_custom_1511779316701{margin-top: 0px !important;margin-right: 0px !important;margin-bottom: 0px !important;padding-top: 10px !important;padding-right: 0px !important;padding-bottom: 10px !important;}&#8221;][vc_column_text css=&#8221;.vc_custom_1590473984018{margin-top: 0px !important;margin-bottom: 0px !important;}&#8221;]<\/p>\n<h5 class=\"p1\">Les combinaisons lavables : forte protection et tr\u00e8s \u00e9conomique<\/h5>\n<p class=\"p1\">En nylon enduit PU extensible micro-poreux pour un meilleur confort (tissu technique, souple et respirant). Lavable en machine, imperm\u00e9able \u00e0 l&#8217;eau et aux produits chimiques (coutures \u00e9tanches). Cagoule int\u00e9gr\u00e9e<\/p>\n<p>[\/vc_column_text][vc_images_carousel images=&#8221;11882&#8243; img_size=&#8221;full&#8221;][vc_column_text css=&#8221;.vc_custom_1590243733668{margin-top: 0px !important;margin-bottom: 0px !important;}&#8221;]<\/p>\n<h5 class=\"p1\">Les gants une selection rigoureuse suivant vos types de chantiers<\/h5>\n<p>[\/vc_column_text][vc_images_carousel images=&#8221;11891&#8243; img_size=&#8221;full&#8221;][\/vc_column][\/vc_row][vc_row css=&#8221;.vc_custom_1511779261729{margin-top: 15px !important;margin-right: 0px !important;margin-bottom: 15px !important;padding-top: 0px !important;padding-right: 0px !important;padding-bottom: 0px !important;}&#8221;][vc_column css=&#8221;.vc_custom_1511779316701{margin-top: 0px !important;margin-right: 0px !important;margin-bottom: 0px !important;padding-top: 10px !important;padding-right: 0px !important;padding-bottom: 10px !important;}&#8221;]<div class=\"rt-call-to-action-wraper element-one  \"   style=\"background-color:#515151;\"><div class=\"rt-call-to-action-wraper-overlay\" style=\"background-color:#515151;\"><\/div><div class=\"row rt-call-to-action\"><div class=\"col-lg-8 col-md-7 col-sm-7 col-xs-12\"><div class=\"rt-call-to-action-item matchHeight text-left\"><div class=\"table\"><div class=\"table-cell\"><p style=\"color:#ffffff; font-size:32px; line-height:40px;\">Commander en ligne<\/p><\/div><\/div><\/div><\/div><div class=\"col-lg-4 col-md-5 col-sm-5 col-xs-12\"><div class=\"rt-call-to-action-item matchHeight text-center\" style=\"background-color:#515151;\"><div class=\"table\"><div class=\"table-cell\"><a class=\"btn \" href=\"https:\/\/shop.mabi.fr\/fr\/\" title=\"\" rel=\"\">Stock &amp; tarif ici<\/a><\/div><\/div><\/div><\/div><\/div><\/div>[\/vc_column][\/vc_row][vc_row][vc_column][vc_facebook][vc_column_text][\/vc_column_text][\/vc_column][\/vc_row][\/vc_section]<\/p>\n<\/div>","protected":false},"excerpt":{"rendered":"<p>[vc_section css=&#8221;.vc_custom_1511865388351{margin-right: 0px !important;padding-right: 0px !important;padding-left: 15px !important;}&#8221;][vc_row css=&#8221;.vc_custom_1511779252590{margin-top: 0px !important;margin-right: 0px !important;margin-bottom: 0px !important;padding-top: 0px !important;padding-right: 0px !important;padding-bottom: 0px !important;}&#8221;][vc_column css=&#8221;.vc_custom_1510315343991{margin-top: 0px !important;margin-bottom: 30px !important;padding-top: 0px !important;padding-bottom: 0px !important;}&#8221;][vc_column_text css=&#8221;.vc_custom_1578999296435{margin-top: 0px !important;margin-bottom: 0px !important;}&#8221;][\/vc_column_text][vc_column_text css=&#8221;.vc_custom_1578999296435{margin-top: 0px !important;margin-bottom: 0px !important;}&#8221;][\/vc_column_text][vc_custom_heading text=&#8221;Le port du masque FFP2 est-il obligatoire?&#8221; font_container=&#8221;tag:h2|font_size:20px|text_align:left|color:%2308276e|line_height:27px&#8221; use_theme_fonts=&#8221;yes&#8221;][vc_column_text css=&#8221;.vc_custom_1616053973279{margin-top: 0px !important;margin-bottom: 0px !important;}&#8221;] Suite [&hellip;]<\/p>\n","protected":false},"author":3,"featured_media":12671,"comment_status":"closed","ping_status":"closed","sticky":false,"template":"","format":"standard","meta":{"footnotes":""},"categories":[98],"tags":[],"class_list":["post-12647","post","type-post","status-publish","format-standard","has-post-thumbnail","hentry","category-protection"],"yoast_head":"<!-- This site is optimized with the Yoast SEO plugin v27.4 - https:\/\/yoast.com\/product\/yoast-seo-wordpress\/ -->\n<title>Le port du masque FFP2 obligatoire ? - Mabi<\/title>\n<meta name=\"description\" content=\"Suite aux annonces gouvernementales du vendredi 22 janvier, un d\u00e9cret devrait \u00eatre publi\u00e9 prochainement. Ce d\u00e9cret stipulerait l&#039;interdiction du port de\" \/>\n<meta name=\"robots\" content=\"index, follow, max-snippet:-1, max-image-preview:large, max-video-preview:-1\" \/>\n<link rel=\"canonical\" href=\"https:\/\/www.mabi.fr\/fr\/2021\/01\/le-port-du-masque-ffp2-obligatoire\/\" \/>\n<meta property=\"og:locale\" content=\"fr_FR\" \/>\n<meta property=\"og:type\" content=\"article\" \/>\n<meta property=\"og:title\" content=\"Le port du masque FFP2 obligatoire ? - Mabi\" \/>\n<meta property=\"og:description\" content=\"Suite aux annonces gouvernementales du vendredi 22 janvier, un d\u00e9cret devrait \u00eatre publi\u00e9 prochainement. Ce d\u00e9cret stipulerait l&#039;interdiction du port de\" \/>\n<meta property=\"og:url\" content=\"https:\/\/www.mabi.fr\/fr\/2021\/01\/le-port-du-masque-ffp2-obligatoire\/\" \/>\n<meta property=\"og:site_name\" content=\"Mabi\" \/>\n<meta property=\"article:publisher\" content=\"https:\/\/www.facebook.com\/team.mabi\/\" \/>\n<meta property=\"article:published_time\" content=\"2021-01-27T07:35:14+00:00\" \/>\n<meta property=\"article:modified_time\" content=\"2021-04-29T09:09:52+00:00\" \/>\n<meta property=\"og:image\" content=\"https:\/\/www.mabi.fr\/wp-content\/uploads\/2021\/01\/masque-ffp2-informations.jpg\" \/>\n\t<meta property=\"og:image:width\" content=\"644\" \/>\n\t<meta property=\"og:image:height\" content=\"325\" \/>\n\t<meta property=\"og:image:type\" content=\"image\/jpeg\" \/>\n<meta name=\"author\" content=\"Mabi\" \/>\n<meta name=\"twitter:card\" content=\"summary_large_image\" \/>\n<meta name=\"twitter:label1\" content=\"\u00c9crit par\" \/>\n\t<meta name=\"twitter:data1\" content=\"Mabi\" \/>\n\t<meta name=\"twitter:label2\" content=\"Dur\u00e9e de lecture estim\u00e9e\" \/>\n\t<meta name=\"twitter:data2\" content=\"9 minutes\" \/>\n<script type=\"application\/ld+json\" class=\"yoast-schema-graph\">{\"@context\":\"https:\\\/\\\/schema.org\",\"@graph\":[{\"@type\":\"Article\",\"@id\":\"https:\\\/\\\/www.mabi.fr\\\/fr\\\/2021\\\/01\\\/le-port-du-masque-ffp2-obligatoire\\\/#article\",\"isPartOf\":{\"@id\":\"https:\\\/\\\/www.mabi.fr\\\/fr\\\/2021\\\/01\\\/le-port-du-masque-ffp2-obligatoire\\\/\"},\"author\":{\"name\":\"Mabi\",\"@id\":\"https:\\\/\\\/www.mabi.fr\\\/fr\\\/#\\\/schema\\\/person\\\/484127558ce907bc042826a61553259a\"},\"headline\":\"Le port du masque FFP2 obligatoire ?\",\"datePublished\":\"2021-01-27T07:35:14+00:00\",\"dateModified\":\"2021-04-29T09:09:52+00:00\",\"mainEntityOfPage\":{\"@id\":\"https:\\\/\\\/www.mabi.fr\\\/fr\\\/2021\\\/01\\\/le-port-du-masque-ffp2-obligatoire\\\/\"},\"wordCount\":1716,\"publisher\":{\"@id\":\"https:\\\/\\\/www.mabi.fr\\\/fr\\\/#organization\"},\"image\":{\"@id\":\"https:\\\/\\\/www.mabi.fr\\\/fr\\\/2021\\\/01\\\/le-port-du-masque-ffp2-obligatoire\\\/#primaryimage\"},\"thumbnailUrl\":\"https:\\\/\\\/www.mabi.fr\\\/wp-content\\\/uploads\\\/2021\\\/01\\\/masque-ffp2-informations.jpg\",\"articleSection\":[\"Protection\"],\"inLanguage\":\"fr-FR\"},{\"@type\":\"WebPage\",\"@id\":\"https:\\\/\\\/www.mabi.fr\\\/fr\\\/2021\\\/01\\\/le-port-du-masque-ffp2-obligatoire\\\/\",\"url\":\"https:\\\/\\\/www.mabi.fr\\\/fr\\\/2021\\\/01\\\/le-port-du-masque-ffp2-obligatoire\\\/\",\"name\":\"Le port du masque FFP2 obligatoire ? - Mabi\",\"isPartOf\":{\"@id\":\"https:\\\/\\\/www.mabi.fr\\\/fr\\\/#website\"},\"primaryImageOfPage\":{\"@id\":\"https:\\\/\\\/www.mabi.fr\\\/fr\\\/2021\\\/01\\\/le-port-du-masque-ffp2-obligatoire\\\/#primaryimage\"},\"image\":{\"@id\":\"https:\\\/\\\/www.mabi.fr\\\/fr\\\/2021\\\/01\\\/le-port-du-masque-ffp2-obligatoire\\\/#primaryimage\"},\"thumbnailUrl\":\"https:\\\/\\\/www.mabi.fr\\\/wp-content\\\/uploads\\\/2021\\\/01\\\/masque-ffp2-informations.jpg\",\"datePublished\":\"2021-01-27T07:35:14+00:00\",\"dateModified\":\"2021-04-29T09:09:52+00:00\",\"description\":\"Suite aux annonces gouvernementales du vendredi 22 janvier, un d\u00e9cret devrait \u00eatre publi\u00e9 prochainement. Ce d\u00e9cret stipulerait l'interdiction du port de\",\"breadcrumb\":{\"@id\":\"https:\\\/\\\/www.mabi.fr\\\/fr\\\/2021\\\/01\\\/le-port-du-masque-ffp2-obligatoire\\\/#breadcrumb\"},\"inLanguage\":\"fr-FR\",\"potentialAction\":[{\"@type\":\"ReadAction\",\"target\":[\"https:\\\/\\\/www.mabi.fr\\\/fr\\\/2021\\\/01\\\/le-port-du-masque-ffp2-obligatoire\\\/\"]}]},{\"@type\":\"ImageObject\",\"inLanguage\":\"fr-FR\",\"@id\":\"https:\\\/\\\/www.mabi.fr\\\/fr\\\/2021\\\/01\\\/le-port-du-masque-ffp2-obligatoire\\\/#primaryimage\",\"url\":\"https:\\\/\\\/www.mabi.fr\\\/wp-content\\\/uploads\\\/2021\\\/01\\\/masque-ffp2-informations.jpg\",\"contentUrl\":\"https:\\\/\\\/www.mabi.fr\\\/wp-content\\\/uploads\\\/2021\\\/01\\\/masque-ffp2-informations.jpg\",\"width\":644,\"height\":325},{\"@type\":\"BreadcrumbList\",\"@id\":\"https:\\\/\\\/www.mabi.fr\\\/fr\\\/2021\\\/01\\\/le-port-du-masque-ffp2-obligatoire\\\/#breadcrumb\",\"itemListElement\":[{\"@type\":\"ListItem\",\"position\":1,\"name\":\"Accueil\",\"item\":\"https:\\\/\\\/www.mabi.fr\\\/fr\\\/\"},{\"@type\":\"ListItem\",\"position\":2,\"name\":\"Le port du masque FFP2 obligatoire ?\"}]},{\"@type\":\"WebSite\",\"@id\":\"https:\\\/\\\/www.mabi.fr\\\/fr\\\/#website\",\"url\":\"https:\\\/\\\/www.mabi.fr\\\/fr\\\/\",\"name\":\"Mabi\",\"description\":\"Traitement du bois et des murs\",\"publisher\":{\"@id\":\"https:\\\/\\\/www.mabi.fr\\\/fr\\\/#organization\"},\"inLanguage\":\"fr-FR\"},{\"@type\":\"Organization\",\"@id\":\"https:\\\/\\\/www.mabi.fr\\\/fr\\\/#organization\",\"name\":\"MABI\",\"url\":\"https:\\\/\\\/www.mabi.fr\\\/fr\\\/\",\"logo\":{\"@type\":\"ImageObject\",\"inLanguage\":\"fr-FR\",\"@id\":\"https:\\\/\\\/www.mabi.fr\\\/fr\\\/#\\\/schema\\\/logo\\\/image\\\/\",\"url\":\"https:\\\/\\\/www.mabi.fr\\\/wp-content\\\/uploads\\\/2018\\\/04\\\/logo-mabi.png\",\"contentUrl\":\"https:\\\/\\\/www.mabi.fr\\\/wp-content\\\/uploads\\\/2018\\\/04\\\/logo-mabi.png\",\"width\":400,\"height\":165,\"caption\":\"MABI\"},\"image\":{\"@id\":\"https:\\\/\\\/www.mabi.fr\\\/fr\\\/#\\\/schema\\\/logo\\\/image\\\/\"},\"sameAs\":[\"https:\\\/\\\/www.facebook.com\\\/team.mabi\\\/\",\"https:\\\/\\\/www.youtube.com\\\/channel\\\/UCROWjwVyMZg_5ybzXJofFlg\"]},{\"@type\":\"Person\",\"@id\":\"https:\\\/\\\/www.mabi.fr\\\/fr\\\/#\\\/schema\\\/person\\\/484127558ce907bc042826a61553259a\",\"name\":\"Mabi\",\"image\":{\"@type\":\"ImageObject\",\"inLanguage\":\"fr-FR\",\"@id\":\"https:\\\/\\\/secure.gravatar.com\\\/avatar\\\/82af1fd0989cd4216d2e0ce89972cea75a9214661afe9d79e15525c8767abc4c?s=96&d=mm&r=g\",\"url\":\"https:\\\/\\\/secure.gravatar.com\\\/avatar\\\/82af1fd0989cd4216d2e0ce89972cea75a9214661afe9d79e15525c8767abc4c?s=96&d=mm&r=g\",\"contentUrl\":\"https:\\\/\\\/secure.gravatar.com\\\/avatar\\\/82af1fd0989cd4216d2e0ce89972cea75a9214661afe9d79e15525c8767abc4c?s=96&d=mm&r=g\",\"caption\":\"Mabi\"},\"sameAs\":[\"https:\\\/\\\/www.mabi.fr\"]}]}<\/script>\n<!-- \/ Yoast SEO plugin. -->","yoast_head_json":{"title":"Le port du masque FFP2 obligatoire ? - Mabi","description":"Suite aux annonces gouvernementales du vendredi 22 janvier, un d\u00e9cret devrait \u00eatre publi\u00e9 prochainement. Ce d\u00e9cret stipulerait l'interdiction du port de","robots":{"index":"index","follow":"follow","max-snippet":"max-snippet:-1","max-image-preview":"max-image-preview:large","max-video-preview":"max-video-preview:-1"},"canonical":"https:\/\/www.mabi.fr\/fr\/2021\/01\/le-port-du-masque-ffp2-obligatoire\/","og_locale":"fr_FR","og_type":"article","og_title":"Le port du masque FFP2 obligatoire ? - Mabi","og_description":"Suite aux annonces gouvernementales du vendredi 22 janvier, un d\u00e9cret devrait \u00eatre publi\u00e9 prochainement. Ce d\u00e9cret stipulerait l'interdiction du port de","og_url":"https:\/\/www.mabi.fr\/fr\/2021\/01\/le-port-du-masque-ffp2-obligatoire\/","og_site_name":"Mabi","article_publisher":"https:\/\/www.facebook.com\/team.mabi\/","article_published_time":"2021-01-27T07:35:14+00:00","article_modified_time":"2021-04-29T09:09:52+00:00","og_image":[{"width":644,"height":325,"url":"https:\/\/www.mabi.fr\/wp-content\/uploads\/2021\/01\/masque-ffp2-informations.jpg","type":"image\/jpeg"}],"author":"Mabi","twitter_card":"summary_large_image","twitter_misc":{"\u00c9crit par":"Mabi","Dur\u00e9e de lecture estim\u00e9e":"9 minutes"},"schema":{"@context":"https:\/\/schema.org","@graph":[{"@type":"Article","@id":"https:\/\/www.mabi.fr\/fr\/2021\/01\/le-port-du-masque-ffp2-obligatoire\/#article","isPartOf":{"@id":"https:\/\/www.mabi.fr\/fr\/2021\/01\/le-port-du-masque-ffp2-obligatoire\/"},"author":{"name":"Mabi","@id":"https:\/\/www.mabi.fr\/fr\/#\/schema\/person\/484127558ce907bc042826a61553259a"},"headline":"Le port du masque FFP2 obligatoire ?","datePublished":"2021-01-27T07:35:14+00:00","dateModified":"2021-04-29T09:09:52+00:00","mainEntityOfPage":{"@id":"https:\/\/www.mabi.fr\/fr\/2021\/01\/le-port-du-masque-ffp2-obligatoire\/"},"wordCount":1716,"publisher":{"@id":"https:\/\/www.mabi.fr\/fr\/#organization"},"image":{"@id":"https:\/\/www.mabi.fr\/fr\/2021\/01\/le-port-du-masque-ffp2-obligatoire\/#primaryimage"},"thumbnailUrl":"https:\/\/www.mabi.fr\/wp-content\/uploads\/2021\/01\/masque-ffp2-informations.jpg","articleSection":["Protection"],"inLanguage":"fr-FR"},{"@type":"WebPage","@id":"https:\/\/www.mabi.fr\/fr\/2021\/01\/le-port-du-masque-ffp2-obligatoire\/","url":"https:\/\/www.mabi.fr\/fr\/2021\/01\/le-port-du-masque-ffp2-obligatoire\/","name":"Le port du masque FFP2 obligatoire ? - Mabi","isPartOf":{"@id":"https:\/\/www.mabi.fr\/fr\/#website"},"primaryImageOfPage":{"@id":"https:\/\/www.mabi.fr\/fr\/2021\/01\/le-port-du-masque-ffp2-obligatoire\/#primaryimage"},"image":{"@id":"https:\/\/www.mabi.fr\/fr\/2021\/01\/le-port-du-masque-ffp2-obligatoire\/#primaryimage"},"thumbnailUrl":"https:\/\/www.mabi.fr\/wp-content\/uploads\/2021\/01\/masque-ffp2-informations.jpg","datePublished":"2021-01-27T07:35:14+00:00","dateModified":"2021-04-29T09:09:52+00:00","description":"Suite aux annonces gouvernementales du vendredi 22 janvier, un d\u00e9cret devrait \u00eatre publi\u00e9 prochainement. Ce d\u00e9cret stipulerait l'interdiction du port de","breadcrumb":{"@id":"https:\/\/www.mabi.fr\/fr\/2021\/01\/le-port-du-masque-ffp2-obligatoire\/#breadcrumb"},"inLanguage":"fr-FR","potentialAction":[{"@type":"ReadAction","target":["https:\/\/www.mabi.fr\/fr\/2021\/01\/le-port-du-masque-ffp2-obligatoire\/"]}]},{"@type":"ImageObject","inLanguage":"fr-FR","@id":"https:\/\/www.mabi.fr\/fr\/2021\/01\/le-port-du-masque-ffp2-obligatoire\/#primaryimage","url":"https:\/\/www.mabi.fr\/wp-content\/uploads\/2021\/01\/masque-ffp2-informations.jpg","contentUrl":"https:\/\/www.mabi.fr\/wp-content\/uploads\/2021\/01\/masque-ffp2-informations.jpg","width":644,"height":325},{"@type":"BreadcrumbList","@id":"https:\/\/www.mabi.fr\/fr\/2021\/01\/le-port-du-masque-ffp2-obligatoire\/#breadcrumb","itemListElement":[{"@type":"ListItem","position":1,"name":"Accueil","item":"https:\/\/www.mabi.fr\/fr\/"},{"@type":"ListItem","position":2,"name":"Le port du masque FFP2 obligatoire ?"}]},{"@type":"WebSite","@id":"https:\/\/www.mabi.fr\/fr\/#website","url":"https:\/\/www.mabi.fr\/fr\/","name":"Mabi","description":"Traitement du bois et des murs","publisher":{"@id":"https:\/\/www.mabi.fr\/fr\/#organization"},"inLanguage":"fr-FR"},{"@type":"Organization","@id":"https:\/\/www.mabi.fr\/fr\/#organization","name":"MABI","url":"https:\/\/www.mabi.fr\/fr\/","logo":{"@type":"ImageObject","inLanguage":"fr-FR","@id":"https:\/\/www.mabi.fr\/fr\/#\/schema\/logo\/image\/","url":"https:\/\/www.mabi.fr\/wp-content\/uploads\/2018\/04\/logo-mabi.png","contentUrl":"https:\/\/www.mabi.fr\/wp-content\/uploads\/2018\/04\/logo-mabi.png","width":400,"height":165,"caption":"MABI"},"image":{"@id":"https:\/\/www.mabi.fr\/fr\/#\/schema\/logo\/image\/"},"sameAs":["https:\/\/www.facebook.com\/team.mabi\/","https:\/\/www.youtube.com\/channel\/UCROWjwVyMZg_5ybzXJofFlg"]},{"@type":"Person","@id":"https:\/\/www.mabi.fr\/fr\/#\/schema\/person\/484127558ce907bc042826a61553259a","name":"Mabi","image":{"@type":"ImageObject","inLanguage":"fr-FR","@id":"https:\/\/secure.gravatar.com\/avatar\/82af1fd0989cd4216d2e0ce89972cea75a9214661afe9d79e15525c8767abc4c?s=96&d=mm&r=g","url":"https:\/\/secure.gravatar.com\/avatar\/82af1fd0989cd4216d2e0ce89972cea75a9214661afe9d79e15525c8767abc4c?s=96&d=mm&r=g","contentUrl":"https:\/\/secure.gravatar.com\/avatar\/82af1fd0989cd4216d2e0ce89972cea75a9214661afe9d79e15525c8767abc4c?s=96&d=mm&r=g","caption":"Mabi"},"sameAs":["https:\/\/www.mabi.fr"]}]}},"_links":{"self":[{"href":"https:\/\/www.mabi.fr\/fr\/wp-json\/wp\/v2\/posts\/12647","targetHints":{"allow":["GET"]}}],"collection":[{"href":"https:\/\/www.mabi.fr\/fr\/wp-json\/wp\/v2\/posts"}],"about":[{"href":"https:\/\/www.mabi.fr\/fr\/wp-json\/wp\/v2\/types\/post"}],"author":[{"embeddable":true,"href":"https:\/\/www.mabi.fr\/fr\/wp-json\/wp\/v2\/users\/3"}],"replies":[{"embeddable":true,"href":"https:\/\/www.mabi.fr\/fr\/wp-json\/wp\/v2\/comments?post=12647"}],"version-history":[{"count":5,"href":"https:\/\/www.mabi.fr\/fr\/wp-json\/wp\/v2\/posts\/12647\/revisions"}],"predecessor-version":[{"id":12958,"href":"https:\/\/www.mabi.fr\/fr\/wp-json\/wp\/v2\/posts\/12647\/revisions\/12958"}],"wp:featuredmedia":[{"embeddable":true,"href":"https:\/\/www.mabi.fr\/fr\/wp-json\/wp\/v2\/media\/12671"}],"wp:attachment":[{"href":"https:\/\/www.mabi.fr\/fr\/wp-json\/wp\/v2\/media?parent=12647"}],"wp:term":[{"taxonomy":"category","embeddable":true,"href":"https:\/\/www.mabi.fr\/fr\/wp-json\/wp\/v2\/categories?post=12647"},{"taxonomy":"post_tag","embeddable":true,"href":"https:\/\/www.mabi.fr\/fr\/wp-json\/wp\/v2\/tags?post=12647"}],"curies":[{"name":"wp","href":"https:\/\/api.w.org\/{rel}","templated":true}]}}