{"id":13298,"date":"2021-09-09T15:06:01","date_gmt":"2021-09-09T13:06:01","guid":{"rendered":"https:\/\/www.mabi.fr\/?p=13298"},"modified":"2021-12-28T08:26:35","modified_gmt":"2021-12-28T07:26:35","slug":"gestion-des-dechets-chantier-traitement-charpente","status":"publish","type":"post","link":"https:\/\/www.mabi.fr\/fr\/2021\/09\/gestion-des-dechets-chantier-traitement-charpente\/","title":{"rendered":"Gestion des d\u00e9chets chantier traitement charpente"},"content":{"rendered":"<div class=\"wpb-content-wrapper\"><p>[vc_row][vc_column][vc_column_text]<\/p>\n<p>\u00c0 compter du 1er juillet 2021, il est obligatoire de faire figurer dans tous devis de travaux<br \/>\ndes mentions li\u00e9es \u00e0 la gestion et aux modalit\u00e9s d\u2019enl\u00e8vement des d\u00e9chets g\u00e9n\u00e9r\u00e9s par les travaux projet\u00e9s.[\/vc_column_text][\/vc_column][\/vc_row][vc_row][vc_column][vc_column_text]<\/p>\n<p>&nbsp;<\/p>\n<p><strong>Les \u00e9l\u00e9ments \u00e0 indiquer sont les suivants : <\/strong><\/p>\n<ul>\n<li>Une estimation de la quantit\u00e9 totale de d\u00e9chets g\u00e9n\u00e9r\u00e9s par l\u2019entreprise de travaux pendant le chantier;<\/li>\n<li>Les modalit\u00e9s de gestion et d\u2019enl\u00e8vement de ces d\u00e9chets et notamment l\u2019effort de tri r\u00e9alis\u00e9 sur le chantier et la nature des d\u00e9chets pour lesquels une collecte s\u00e9par\u00e9e est pr\u00e9vue ;<\/li>\n<li>Le ou les points de collecte o\u00f9 l\u2019entreprise de travaux pr\u00e9voit de d\u00e9poser les d\u00e9chets issus du chantier,<br \/>\nidentifi\u00e9s par leur raison sociale, leur adresse et le type d\u2019installation (ex : d\u00e9ch\u00e8terie professionnelle,<br \/>\npublique, distributeur, etc.) ;<\/li>\n<li>Une estimation des co\u00fbts associ\u00e9s.<\/li>\n<\/ul>\n<p>&nbsp;<\/p>\n<p>Le site internet <a href=\"http:\/\/www.dechets-chantier.ffbatiment.fr\" target=\"_blank\" rel=\"noopener\">www.dechets-chantier.ffbatiment.fr<\/a>\u00a0 vous permet de localiser<br \/>\nles points de collecte selon le type de d\u00e9chets les plus proches de vos chantiers.<\/p>\n<p>&nbsp;<\/p>\n<p>L&#8217;ensemble des informations de la f\u00e9d\u00e9ration Fran\u00e7aise du b\u00e2timent\u00a0 <a href=\"https:\/\/www.dechets-chantier.ffbatiment.fr\/res\/dechets_chantier\/PDF\/FFB_Guide_Dechets-chantier-web-pages.pdf\" target=\"_blank\" rel=\"noopener\">https:\/\/www.dechets-chantier.ffbatiment.fr\/res\/dechets_chantier\/PDF\/FFB_Guide_Dechets-chantier-web-pages.pdf<\/a><\/p>\n<p>&nbsp;<\/p>\n<\/div>","protected":false},"excerpt":{"rendered":"<p>[vc_row][vc_column][vc_column_text] \u00c0 compter du 1er juillet 2021, il est obligatoire de faire figurer dans tous devis de travaux des mentions li\u00e9es \u00e0 la gestion et aux modalit\u00e9s d\u2019enl\u00e8vement des d\u00e9chets g\u00e9n\u00e9r\u00e9s par les travaux projet\u00e9s.[\/vc_column_text][\/vc_column][\/vc_row][vc_row][vc_column][vc_column_text] &nbsp; Les \u00e9l\u00e9ments \u00e0 indiquer sont les suivants : Une estimation de la quantit\u00e9 totale de d\u00e9chets g\u00e9n\u00e9r\u00e9s par l\u2019entreprise [&hellip;]<\/p>\n","protected":false},"author":3,"featured_media":13301,"comment_status":"closed","ping_status":"closed","sticky":false,"template":"","format":"standard","meta":{"footnotes":""},"categories":[138,98],"tags":[193,192,182],"class_list":["post-13298","post","type-post","status-publish","format-standard","has-post-thumbnail","hentry","category-materiel-de-chantier","category-protection","tag-chantier","tag-gestion-dechets","tag-traitement-charpente"],"yoast_head":"<!-- This site is optimized with the Yoast SEO plugin v27.4 - https:\/\/yoast.com\/product\/yoast-seo-wordpress\/ -->\n<title>Gestion des d\u00e9chets chantier traitement charpente - Mabi<\/title>\n<meta name=\"description\" content=\"\u00c0 compter du 1er juillet 2021, il est obligatoire de faire figurer dans tous devis de travaux des mentions li\u00e9es \u00e0 la gestion et aux modalit\u00e9s\" \/>\n<meta name=\"robots\" content=\"index, follow, max-snippet:-1, max-image-preview:large, max-video-preview:-1\" \/>\n<link rel=\"canonical\" href=\"https:\/\/www.mabi.fr\/fr\/2021\/09\/gestion-des-dechets-chantier-traitement-charpente\/\" \/>\n<meta property=\"og:locale\" content=\"fr_FR\" \/>\n<meta property=\"og:type\" content=\"article\" \/>\n<meta property=\"og:title\" content=\"Gestion des d\u00e9chets chantier traitement charpente - Mabi\" \/>\n<meta property=\"og:description\" content=\"\u00c0 compter du 1er juillet 2021, il est obligatoire de faire figurer dans tous devis de travaux des mentions li\u00e9es \u00e0 la gestion et aux modalit\u00e9s\" \/>\n<meta property=\"og:url\" content=\"https:\/\/www.mabi.fr\/fr\/2021\/09\/gestion-des-dechets-chantier-traitement-charpente\/\" \/>\n<meta property=\"og:site_name\" content=\"Mabi\" \/>\n<meta property=\"article:publisher\" content=\"https:\/\/www.facebook.com\/team.mabi\/\" \/>\n<meta property=\"article:published_time\" content=\"2021-09-09T13:06:01+00:00\" \/>\n<meta property=\"article:modified_time\" content=\"2021-12-28T07:26:35+00:00\" \/>\n<meta property=\"og:image\" content=\"https:\/\/www.mabi.fr\/wp-content\/uploads\/2021\/09\/img_2441-scaled.jpg\" \/>\n\t<meta property=\"og:image:width\" content=\"2560\" \/>\n\t<meta property=\"og:image:height\" content=\"1707\" \/>\n\t<meta property=\"og:image:type\" content=\"image\/jpeg\" \/>\n<meta name=\"author\" content=\"Mabi\" \/>\n<meta name=\"twitter:card\" content=\"summary_large_image\" \/>\n<meta name=\"twitter:label1\" content=\"\u00c9crit par\" \/>\n\t<meta name=\"twitter:data1\" content=\"Mabi\" \/>\n\t<meta name=\"twitter:label2\" content=\"Dur\u00e9e de lecture estim\u00e9e\" \/>\n\t<meta name=\"twitter:data2\" content=\"1 minute\" \/>\n<script type=\"application\/ld+json\" class=\"yoast-schema-graph\">{\"@context\":\"https:\\\/\\\/schema.org\",\"@graph\":[{\"@type\":\"Article\",\"@id\":\"https:\\\/\\\/www.mabi.fr\\\/fr\\\/2021\\\/09\\\/gestion-des-dechets-chantier-traitement-charpente\\\/#article\",\"isPartOf\":{\"@id\":\"https:\\\/\\\/www.mabi.fr\\\/fr\\\/2021\\\/09\\\/gestion-des-dechets-chantier-traitement-charpente\\\/\"},\"author\":{\"name\":\"Mabi\",\"@id\":\"https:\\\/\\\/www.mabi.fr\\\/fr\\\/#\\\/schema\\\/person\\\/484127558ce907bc042826a61553259a\"},\"headline\":\"Gestion des d\u00e9chets chantier traitement charpente\",\"datePublished\":\"2021-09-09T13:06:01+00:00\",\"dateModified\":\"2021-12-28T07:26:35+00:00\",\"mainEntityOfPage\":{\"@id\":\"https:\\\/\\\/www.mabi.fr\\\/fr\\\/2021\\\/09\\\/gestion-des-dechets-chantier-traitement-charpente\\\/\"},\"wordCount\":243,\"publisher\":{\"@id\":\"https:\\\/\\\/www.mabi.fr\\\/fr\\\/#organization\"},\"image\":{\"@id\":\"https:\\\/\\\/www.mabi.fr\\\/fr\\\/2021\\\/09\\\/gestion-des-dechets-chantier-traitement-charpente\\\/#primaryimage\"},\"thumbnailUrl\":\"https:\\\/\\\/www.mabi.fr\\\/wp-content\\\/uploads\\\/2021\\\/09\\\/img_2441-scaled.jpg\",\"keywords\":[\"chantier\",\"gestion d\u00e9chets\",\"traitement charpente\"],\"articleSection\":[\"Mat\u00e9riel de chantier\",\"Protection\"],\"inLanguage\":\"fr-FR\"},{\"@type\":\"WebPage\",\"@id\":\"https:\\\/\\\/www.mabi.fr\\\/fr\\\/2021\\\/09\\\/gestion-des-dechets-chantier-traitement-charpente\\\/\",\"url\":\"https:\\\/\\\/www.mabi.fr\\\/fr\\\/2021\\\/09\\\/gestion-des-dechets-chantier-traitement-charpente\\\/\",\"name\":\"Gestion des d\u00e9chets chantier traitement charpente - Mabi\",\"isPartOf\":{\"@id\":\"https:\\\/\\\/www.mabi.fr\\\/fr\\\/#website\"},\"primaryImageOfPage\":{\"@id\":\"https:\\\/\\\/www.mabi.fr\\\/fr\\\/2021\\\/09\\\/gestion-des-dechets-chantier-traitement-charpente\\\/#primaryimage\"},\"image\":{\"@id\":\"https:\\\/\\\/www.mabi.fr\\\/fr\\\/2021\\\/09\\\/gestion-des-dechets-chantier-traitement-charpente\\\/#primaryimage\"},\"thumbnailUrl\":\"https:\\\/\\\/www.mabi.fr\\\/wp-content\\\/uploads\\\/2021\\\/09\\\/img_2441-scaled.jpg\",\"datePublished\":\"2021-09-09T13:06:01+00:00\",\"dateModified\":\"2021-12-28T07:26:35+00:00\",\"description\":\"\u00c0 compter du 1er juillet 2021, il est obligatoire de faire figurer dans tous devis de travaux des mentions li\u00e9es \u00e0 la gestion et aux modalit\u00e9s\",\"breadcrumb\":{\"@id\":\"https:\\\/\\\/www.mabi.fr\\\/fr\\\/2021\\\/09\\\/gestion-des-dechets-chantier-traitement-charpente\\\/#breadcrumb\"},\"inLanguage\":\"fr-FR\",\"potentialAction\":[{\"@type\":\"ReadAction\",\"target\":[\"https:\\\/\\\/www.mabi.fr\\\/fr\\\/2021\\\/09\\\/gestion-des-dechets-chantier-traitement-charpente\\\/\"]}]},{\"@type\":\"ImageObject\",\"inLanguage\":\"fr-FR\",\"@id\":\"https:\\\/\\\/www.mabi.fr\\\/fr\\\/2021\\\/09\\\/gestion-des-dechets-chantier-traitement-charpente\\\/#primaryimage\",\"url\":\"https:\\\/\\\/www.mabi.fr\\\/wp-content\\\/uploads\\\/2021\\\/09\\\/img_2441-scaled.jpg\",\"contentUrl\":\"https:\\\/\\\/www.mabi.fr\\\/wp-content\\\/uploads\\\/2021\\\/09\\\/img_2441-scaled.jpg\",\"width\":2560,\"height\":1707},{\"@type\":\"BreadcrumbList\",\"@id\":\"https:\\\/\\\/www.mabi.fr\\\/fr\\\/2021\\\/09\\\/gestion-des-dechets-chantier-traitement-charpente\\\/#breadcrumb\",\"itemListElement\":[{\"@type\":\"ListItem\",\"position\":1,\"name\":\"Accueil\",\"item\":\"https:\\\/\\\/www.mabi.fr\\\/fr\\\/\"},{\"@type\":\"ListItem\",\"position\":2,\"name\":\"Gestion des d\u00e9chets chantier traitement charpente\"}]},{\"@type\":\"WebSite\",\"@id\":\"https:\\\/\\\/www.mabi.fr\\\/fr\\\/#website\",\"url\":\"https:\\\/\\\/www.mabi.fr\\\/fr\\\/\",\"name\":\"Mabi\",\"description\":\"Traitement du bois et des murs\",\"publisher\":{\"@id\":\"https:\\\/\\\/www.mabi.fr\\\/fr\\\/#organization\"},\"inLanguage\":\"fr-FR\"},{\"@type\":\"Organization\",\"@id\":\"https:\\\/\\\/www.mabi.fr\\\/fr\\\/#organization\",\"name\":\"MABI\",\"url\":\"https:\\\/\\\/www.mabi.fr\\\/fr\\\/\",\"logo\":{\"@type\":\"ImageObject\",\"inLanguage\":\"fr-FR\",\"@id\":\"https:\\\/\\\/www.mabi.fr\\\/fr\\\/#\\\/schema\\\/logo\\\/image\\\/\",\"url\":\"https:\\\/\\\/www.mabi.fr\\\/wp-content\\\/uploads\\\/2018\\\/04\\\/logo-mabi.png\",\"contentUrl\":\"https:\\\/\\\/www.mabi.fr\\\/wp-content\\\/uploads\\\/2018\\\/04\\\/logo-mabi.png\",\"width\":400,\"height\":165,\"caption\":\"MABI\"},\"image\":{\"@id\":\"https:\\\/\\\/www.mabi.fr\\\/fr\\\/#\\\/schema\\\/logo\\\/image\\\/\"},\"sameAs\":[\"https:\\\/\\\/www.facebook.com\\\/team.mabi\\\/\",\"https:\\\/\\\/www.youtube.com\\\/channel\\\/UCROWjwVyMZg_5ybzXJofFlg\"]},{\"@type\":\"Person\",\"@id\":\"https:\\\/\\\/www.mabi.fr\\\/fr\\\/#\\\/schema\\\/person\\\/484127558ce907bc042826a61553259a\",\"name\":\"Mabi\",\"image\":{\"@type\":\"ImageObject\",\"inLanguage\":\"fr-FR\",\"@id\":\"https:\\\/\\\/secure.gravatar.com\\\/avatar\\\/82af1fd0989cd4216d2e0ce89972cea75a9214661afe9d79e15525c8767abc4c?s=96&d=mm&r=g\",\"url\":\"https:\\\/\\\/secure.gravatar.com\\\/avatar\\\/82af1fd0989cd4216d2e0ce89972cea75a9214661afe9d79e15525c8767abc4c?s=96&d=mm&r=g\",\"contentUrl\":\"https:\\\/\\\/secure.gravatar.com\\\/avatar\\\/82af1fd0989cd4216d2e0ce89972cea75a9214661afe9d79e15525c8767abc4c?s=96&d=mm&r=g\",\"caption\":\"Mabi\"},\"sameAs\":[\"https:\\\/\\\/www.mabi.fr\"]}]}<\/script>\n<!-- \/ Yoast SEO plugin. -->","yoast_head_json":{"title":"Gestion des d\u00e9chets chantier traitement charpente - Mabi","description":"\u00c0 compter du 1er juillet 2021, il est obligatoire de faire figurer dans tous devis de travaux des mentions li\u00e9es \u00e0 la gestion et aux modalit\u00e9s","robots":{"index":"index","follow":"follow","max-snippet":"max-snippet:-1","max-image-preview":"max-image-preview:large","max-video-preview":"max-video-preview:-1"},"canonical":"https:\/\/www.mabi.fr\/fr\/2021\/09\/gestion-des-dechets-chantier-traitement-charpente\/","og_locale":"fr_FR","og_type":"article","og_title":"Gestion des d\u00e9chets chantier traitement charpente - Mabi","og_description":"\u00c0 compter du 1er juillet 2021, il est obligatoire de faire figurer dans tous devis de travaux des mentions li\u00e9es \u00e0 la gestion et aux modalit\u00e9s","og_url":"https:\/\/www.mabi.fr\/fr\/2021\/09\/gestion-des-dechets-chantier-traitement-charpente\/","og_site_name":"Mabi","article_publisher":"https:\/\/www.facebook.com\/team.mabi\/","article_published_time":"2021-09-09T13:06:01+00:00","article_modified_time":"2021-12-28T07:26:35+00:00","og_image":[{"width":2560,"height":1707,"url":"https:\/\/www.mabi.fr\/wp-content\/uploads\/2021\/09\/img_2441-scaled.jpg","type":"image\/jpeg"}],"author":"Mabi","twitter_card":"summary_large_image","twitter_misc":{"\u00c9crit par":"Mabi","Dur\u00e9e de lecture estim\u00e9e":"1 minute"},"schema":{"@context":"https:\/\/schema.org","@graph":[{"@type":"Article","@id":"https:\/\/www.mabi.fr\/fr\/2021\/09\/gestion-des-dechets-chantier-traitement-charpente\/#article","isPartOf":{"@id":"https:\/\/www.mabi.fr\/fr\/2021\/09\/gestion-des-dechets-chantier-traitement-charpente\/"},"author":{"name":"Mabi","@id":"https:\/\/www.mabi.fr\/fr\/#\/schema\/person\/484127558ce907bc042826a61553259a"},"headline":"Gestion des d\u00e9chets chantier traitement charpente","datePublished":"2021-09-09T13:06:01+00:00","dateModified":"2021-12-28T07:26:35+00:00","mainEntityOfPage":{"@id":"https:\/\/www.mabi.fr\/fr\/2021\/09\/gestion-des-dechets-chantier-traitement-charpente\/"},"wordCount":243,"publisher":{"@id":"https:\/\/www.mabi.fr\/fr\/#organization"},"image":{"@id":"https:\/\/www.mabi.fr\/fr\/2021\/09\/gestion-des-dechets-chantier-traitement-charpente\/#primaryimage"},"thumbnailUrl":"https:\/\/www.mabi.fr\/wp-content\/uploads\/2021\/09\/img_2441-scaled.jpg","keywords":["chantier","gestion d\u00e9chets","traitement charpente"],"articleSection":["Mat\u00e9riel de chantier","Protection"],"inLanguage":"fr-FR"},{"@type":"WebPage","@id":"https:\/\/www.mabi.fr\/fr\/2021\/09\/gestion-des-dechets-chantier-traitement-charpente\/","url":"https:\/\/www.mabi.fr\/fr\/2021\/09\/gestion-des-dechets-chantier-traitement-charpente\/","name":"Gestion des d\u00e9chets chantier traitement charpente - Mabi","isPartOf":{"@id":"https:\/\/www.mabi.fr\/fr\/#website"},"primaryImageOfPage":{"@id":"https:\/\/www.mabi.fr\/fr\/2021\/09\/gestion-des-dechets-chantier-traitement-charpente\/#primaryimage"},"image":{"@id":"https:\/\/www.mabi.fr\/fr\/2021\/09\/gestion-des-dechets-chantier-traitement-charpente\/#primaryimage"},"thumbnailUrl":"https:\/\/www.mabi.fr\/wp-content\/uploads\/2021\/09\/img_2441-scaled.jpg","datePublished":"2021-09-09T13:06:01+00:00","dateModified":"2021-12-28T07:26:35+00:00","description":"\u00c0 compter du 1er juillet 2021, il est obligatoire de faire figurer dans tous devis de travaux des mentions li\u00e9es \u00e0 la gestion et aux modalit\u00e9s","breadcrumb":{"@id":"https:\/\/www.mabi.fr\/fr\/2021\/09\/gestion-des-dechets-chantier-traitement-charpente\/#breadcrumb"},"inLanguage":"fr-FR","potentialAction":[{"@type":"ReadAction","target":["https:\/\/www.mabi.fr\/fr\/2021\/09\/gestion-des-dechets-chantier-traitement-charpente\/"]}]},{"@type":"ImageObject","inLanguage":"fr-FR","@id":"https:\/\/www.mabi.fr\/fr\/2021\/09\/gestion-des-dechets-chantier-traitement-charpente\/#primaryimage","url":"https:\/\/www.mabi.fr\/wp-content\/uploads\/2021\/09\/img_2441-scaled.jpg","contentUrl":"https:\/\/www.mabi.fr\/wp-content\/uploads\/2021\/09\/img_2441-scaled.jpg","width":2560,"height":1707},{"@type":"BreadcrumbList","@id":"https:\/\/www.mabi.fr\/fr\/2021\/09\/gestion-des-dechets-chantier-traitement-charpente\/#breadcrumb","itemListElement":[{"@type":"ListItem","position":1,"name":"Accueil","item":"https:\/\/www.mabi.fr\/fr\/"},{"@type":"ListItem","position":2,"name":"Gestion des d\u00e9chets chantier traitement charpente"}]},{"@type":"WebSite","@id":"https:\/\/www.mabi.fr\/fr\/#website","url":"https:\/\/www.mabi.fr\/fr\/","name":"Mabi","description":"Traitement du bois et des murs","publisher":{"@id":"https:\/\/www.mabi.fr\/fr\/#organization"},"inLanguage":"fr-FR"},{"@type":"Organization","@id":"https:\/\/www.mabi.fr\/fr\/#organization","name":"MABI","url":"https:\/\/www.mabi.fr\/fr\/","logo":{"@type":"ImageObject","inLanguage":"fr-FR","@id":"https:\/\/www.mabi.fr\/fr\/#\/schema\/logo\/image\/","url":"https:\/\/www.mabi.fr\/wp-content\/uploads\/2018\/04\/logo-mabi.png","contentUrl":"https:\/\/www.mabi.fr\/wp-content\/uploads\/2018\/04\/logo-mabi.png","width":400,"height":165,"caption":"MABI"},"image":{"@id":"https:\/\/www.mabi.fr\/fr\/#\/schema\/logo\/image\/"},"sameAs":["https:\/\/www.facebook.com\/team.mabi\/","https:\/\/www.youtube.com\/channel\/UCROWjwVyMZg_5ybzXJofFlg"]},{"@type":"Person","@id":"https:\/\/www.mabi.fr\/fr\/#\/schema\/person\/484127558ce907bc042826a61553259a","name":"Mabi","image":{"@type":"ImageObject","inLanguage":"fr-FR","@id":"https:\/\/secure.gravatar.com\/avatar\/82af1fd0989cd4216d2e0ce89972cea75a9214661afe9d79e15525c8767abc4c?s=96&d=mm&r=g","url":"https:\/\/secure.gravatar.com\/avatar\/82af1fd0989cd4216d2e0ce89972cea75a9214661afe9d79e15525c8767abc4c?s=96&d=mm&r=g","contentUrl":"https:\/\/secure.gravatar.com\/avatar\/82af1fd0989cd4216d2e0ce89972cea75a9214661afe9d79e15525c8767abc4c?s=96&d=mm&r=g","caption":"Mabi"},"sameAs":["https:\/\/www.mabi.fr"]}]}},"_links":{"self":[{"href":"https:\/\/www.mabi.fr\/fr\/wp-json\/wp\/v2\/posts\/13298","targetHints":{"allow":["GET"]}}],"collection":[{"href":"https:\/\/www.mabi.fr\/fr\/wp-json\/wp\/v2\/posts"}],"about":[{"href":"https:\/\/www.mabi.fr\/fr\/wp-json\/wp\/v2\/types\/post"}],"author":[{"embeddable":true,"href":"https:\/\/www.mabi.fr\/fr\/wp-json\/wp\/v2\/users\/3"}],"replies":[{"embeddable":true,"href":"https:\/\/www.mabi.fr\/fr\/wp-json\/wp\/v2\/comments?post=13298"}],"version-history":[{"count":4,"href":"https:\/\/www.mabi.fr\/fr\/wp-json\/wp\/v2\/posts\/13298\/revisions"}],"predecessor-version":[{"id":13394,"href":"https:\/\/www.mabi.fr\/fr\/wp-json\/wp\/v2\/posts\/13298\/revisions\/13394"}],"wp:featuredmedia":[{"embeddable":true,"href":"https:\/\/www.mabi.fr\/fr\/wp-json\/wp\/v2\/media\/13301"}],"wp:attachment":[{"href":"https:\/\/www.mabi.fr\/fr\/wp-json\/wp\/v2\/media?parent=13298"}],"wp:term":[{"taxonomy":"category","embeddable":true,"href":"https:\/\/www.mabi.fr\/fr\/wp-json\/wp\/v2\/categories?post=13298"},{"taxonomy":"post_tag","embeddable":true,"href":"https:\/\/www.mabi.fr\/fr\/wp-json\/wp\/v2\/tags?post=13298"}],"curies":[{"name":"wp","href":"https:\/\/api.w.org\/{rel}","templated":true}]}}