{"id":14012,"date":"2023-06-30T09:14:17","date_gmt":"2023-06-30T07:14:17","guid":{"rendered":"https:\/\/www.mabi.fr\/?p=14012"},"modified":"2023-06-30T09:14:17","modified_gmt":"2023-06-30T07:14:17","slug":"protection-respiratoire-masques-de-protection-et-normes","status":"publish","type":"post","link":"https:\/\/www.mabi.fr\/fr\/2023\/06\/protection-respiratoire-masques-de-protection-et-normes\/","title":{"rendered":"Protection respiratoire : masques de protection et normes"},"content":{"rendered":"<div class=\"wpb-content-wrapper\"><p>[vc_section css=&#8221;.vc_custom_1511865388351{margin-right: 0px !important;padding-right: 0px !important;padding-left: 15px !important;}&#8221;][vc_row][vc_column][vc_column_text]<\/p>\n<p style=\"text-align: left;\"><span style=\"color: #000000;\">Selon vos chantiers et selon les risques, il existe diff\u00e9rents \u00e9quipements de protection respiratoire, essentiels pour votre sant\u00e9. Que cela soit pour les travaux d\u2019isolation, le traitement des termites, des insectes xylophages, de la m\u00e9rule, 3D (d\u00e9sinsectisation, d\u00e9sinfection, d\u00e9ratisation), la r\u00e9paration des b\u00e9tons, l\u2019ass\u00e8chement des murs, il est imp\u00e9ratif de se prot\u00e9ger avec un appareil de protection respiratoire.<\/span><\/p>\n<p>[\/vc_column_text][vc_custom_heading text=&#8221;Normes et masques de protection respiratoire&#8221; font_container=&#8221;tag:h2|font_size:28px|text_align:left|color:%23ff6600|line_height:27px&#8221; use_theme_fonts=&#8221;yes&#8221; link=&#8221;|||&#8221;][\/vc_column][\/vc_row][vc_row][vc_column width=&#8221;1\/2&#8243;][vc_custom_heading text=&#8221;Les demi-masques et masques jetables (FFP1, FFP2, FFP3)&#8221; font_container=&#8221;tag:h3|font_size:22px|text_align:left|color:%23222c36|line_height:27px&#8221; use_theme_fonts=&#8221;yes&#8221; link=&#8221;|||&#8221;][vc_column_text css=&#8221;.vc_custom_1672908368496{margin-top: 0px !important;margin-bottom: 0px !important;}&#8221;]<span style=\"color: #000000;\">Ces masques prot\u00e8gent contre l\u2019action nocive des a\u00e9rosols solides et\/ou liquides, ou encore contre les poussi\u00e8res. Selon leur classification, certains masquent prot\u00e8gent plus contre les risques toxiques, comme les<\/span> <span style=\"color: #ff6600;\"><a style=\"color: #ff6600;\" href=\"https:\/\/shop.mabi.fr\/fr\/360-demi-masque-jetable-ffp3-coque--soupape-.html\" target=\"_blank\" rel=\"noopener\">FFP3<\/a><\/span>.<\/p>\n<p><span style=\"color: #000000;\">Masque FFP1\u00a0: stoppe au moins 80% des a\u00e9rosols (poussi\u00e8res fines).<\/span><br \/>\n<span style=\"color: #000000;\">Masque FFP2\u00a0: stoppe au moins 94% des a\u00e9rosols (particules fines pouvant \u00eatre toxiques).<\/span><br \/>\n<span style=\"color: #000000;\">Masques FFP3 : efficace \u00e0 99% contre les a\u00e9rosols (particules tr\u00e8s fines et pouvant \u00eatre toxiques)<\/span><\/p>\n<p><span style=\"color: #000000;\">Norme EN 149\u00a0: d\u00e9signe les caract\u00e9ristiques minimales de protection des demi-masques filtrants contre l\u2019inhalation de particules.<\/span><\/p>\n<p><span style=\"color: #000000;\">MABI vous pr\u00e9conise les<\/span> <a href=\"https:\/\/shop.mabi.fr\/fr\/recherche?controller=search&amp;s=masque+jetable\" target=\"_blank\" rel=\"noopener\"><span style=\"color: #ff6600;\">masques jetables avec soupape<\/span><\/a>.[\/vc_column_text][vc_empty_space height=&#8221;20px&#8221;][\/vc_column][vc_column width=&#8221;1\/2&#8243;][vc_empty_space height=&#8221;150px&#8221;][vc_single_image image=&#8221;14032&#8243; img_size=&#8221;full&#8221; onclick=&#8221;custom_link&#8221; img_link_target=&#8221;_blank&#8221; link=&#8221;https:\/\/shop.mabi.fr\/fr\/recherche?controller=search&amp;s=masque+jetable&#8221;][\/vc_column][\/vc_row][vc_row][vc_column width=&#8221;1\/2&#8243;][vc_custom_heading text=&#8221;Masques de protection respiratoire r\u00e9utilisables&#8221; font_container=&#8221;tag:h3|font_size:22px|text_align:left|color:%23222c36|line_height:27px&#8221; use_theme_fonts=&#8221;yes&#8221; link=&#8221;|||&#8221;][vc_column_text css=&#8221;.vc_custom_1672908350794{margin-top: 0px !important;margin-bottom: 0px !important;}&#8221;]<span style=\"color: #000000;\">Ils s\u2019utilisent avec filtres\/cartouches qui sont r\u00e9utilisables jusqu\u2019au colmatage ou doivent \u00eatre chang\u00e9s si l\u2019utilisateur ressent une g\u00eane \u00e0 la respiration. Ces masques prot\u00e8gent l\u2019utilisateur pendant la manipulation de substances chimiques nocives, gaz toxiques, solvants, poussi\u00e8res, peinture au pistolet. \u00a0\u00a0\u00a0\u00a0\u00a0\u00a0\u00a0\u00a0\u00a0\u00a0 <\/span><br \/>\n<span style=\"color: #000000;\">Il en existe deux sortes\u00a0: masque complet et demi-masque.<\/span><\/p>\n<p><span style=\"color: #000000;\">Normes EN 136\u00a0: d\u00e9signe les caract\u00e9ristiques minimales de protection pour les masques complets concernant la r\u00e9sistance \u00e0 la temp\u00e9rature, aux chocs.<\/span><\/p>\n<p><span style=\"color: #000000;\">EN 140\u00a0: sp\u00e9cifie les exigences minimales pour les demi-masques sur leurs r\u00e9sistances au choc, r\u00e9sistance respiratoire, etc.<\/span><\/p>\n<p><span style=\"color: #000000;\">Pour vos chantiers, MABI vous pr\u00e9conise le <a style=\"color: #000000;\" href=\"https:\/\/shop.mabi.fr\/fr\/362-demi-masque-bi-galette-nm.html\" target=\"_blank\" rel=\"noopener\"><span style=\"color: #ff6600;\">demi-masque bi galettes<\/span><\/a> ou encore le <span style=\"color: #ff6600;\"><a style=\"color: #ff6600;\" href=\"https:\/\/shop.mabi.fr\/fr\/854-masque-panoramique.html\" target=\"_blank\" rel=\"noopener\">masque panoramique complet<\/a><\/span>.<\/span>[\/vc_column_text][vc_empty_space height=&#8221;20px&#8221;][\/vc_column][vc_column width=&#8221;1\/2&#8243;][vc_empty_space height=&#8221;50px&#8221;][vc_single_image image=&#8221;14037&#8243; img_size=&#8221;full&#8221; onclick=&#8221;custom_link&#8221; img_link_target=&#8221;_blank&#8221; link=&#8221;https:\/\/shop.mabi.fr\/fr\/74-masques&#8221;][\/vc_column][\/vc_row][vc_row][vc_column width=&#8221;1\/2&#8243;][vc_custom_heading text=&#8221;Appareils de protection respiratoire \u00e0 ventilation assist\u00e9e&#8221; font_container=&#8221;tag:h3|font_size:22px|text_align:left|color:%23222c36|line_height:27px&#8221; use_theme_fonts=&#8221;yes&#8221; link=&#8221;|||&#8221;][vc_column_text css=&#8221;.vc_custom_1672915906166{margin-top: 0px !important;margin-bottom: 0px !important;}&#8221;]<span style=\"color: #000000;\">Ils offrent une protection optimale des voies respiratoires et du visage contre les poussi\u00e8res, particules solides et liquides, fum\u00e9es, etc. Ces appareils existent sous diff\u00e9rentes formes\u00a0: <span style=\"color: #ff6600;\"><a style=\"color: #ff6600;\" href=\"https:\/\/shop.mabi.fr\/fr\/365-systeme-de-ventilation-complet-en-valise-pour-cagoule-nm.html\" target=\"_blank\" rel=\"noopener\">\u00e0 cagoule<\/a><\/span> ou <span style=\"color: #ff6600;\"><a style=\"color: #ff6600;\" href=\"https:\/\/shop.mabi.fr\/fr\/366-systeme-ventilation-complet-en-valise-pour-masque-panoramique.html\" target=\"_blank\" rel=\"noopener\">masque complet<\/a><\/span>.<\/span><\/p>\n<p><span style=\"color: #000000;\">EN 12941 &#8211; 12942\u00a0: sp\u00e9cifient les exigences minimales concernant les appareils de protection respiratoire \u00e0 ventilation assist\u00e9e (masque complet, demi-masques &#8230;) sur le degr\u00e9 d\u2019\u00e9tanch\u00e9it\u00e9 de la coiffe de protection sur une ventilation assist\u00e9e.<\/span><\/p>\n<p><span style=\"color: #000000;\">MABI vous propose une <span style=\"color: #ff6600;\"><a style=\"color: #ff6600;\" href=\"https:\/\/shop.mabi.fr\/fr\/recherche?controller=search&amp;s=ventilation+assist%C3%A9e\" target=\"_blank\" rel=\"noopener\">s\u00e9lection d\u2019appareils de protection respiratoire<\/a><\/span> \u00e0 ventilation assist\u00e9e pour mieux vous prot\u00e9ger.<\/span>[\/vc_column_text][vc_empty_space height=&#8221;20px&#8221;][\/vc_column][vc_column width=&#8221;1\/2&#8243;][vc_empty_space height=&#8221;15px&#8221;][vc_single_image image=&#8221;14045&#8243; img_size=&#8221;full&#8221; onclick=&#8221;custom_link&#8221; img_link_target=&#8221;_blank&#8221; link=&#8221;https:\/\/shop.mabi.fr\/fr\/recherche?controller=search&amp;s=ventilation+assist%C3%A9e&#8221;][\/vc_column][\/vc_row][\/vc_section][vc_row][vc_column][vc_empty_space height=&#8221;20px&#8221;][vc_zigzag][vc_column_text]<\/p>\n<h3>Etapes du traitement de charpente et protection requise<\/h3>\n<p>Pour les diff\u00e9rentes \u00e9tapes du traitement de charpente, voici le type de protection respiratoire \u00e0 avoir :<\/p>\n<p><strong>B\u00fbchage\/d\u00e9capage du bois :<\/strong><\/p>\n<ul>\n<li><span style=\"text-decoration: underline;\"><span style=\"color: #ff6600; text-decoration: underline;\"><a style=\"color: #ff6600; text-decoration: underline;\" href=\"https:\/\/shop.mabi.fr\/fr\/360-demi-masque-jetable-ffp3-coque--soupape-.html\" target=\"_blank\" rel=\"noopener\">FFP3<\/a><\/span><\/span> ou <span style=\"color: #ff6600;\"><a style=\"color: #ff6600;\" href=\"https:\/\/shop.mabi.fr\/fr\/362-demi-masque-bi-galette-nm.html\" target=\"_blank\" rel=\"noopener\">demi-masque bi galette<\/a><\/span> <span style=\"color: #ff6600;\"><a style=\"color: #ff6600;\" href=\"https:\/\/shop.mabi.fr\/fr\/363-galette-p3---la-paire-nm.html\" target=\"_blank\" rel=\"noopener\">P3<\/a><\/span><\/li>\n<\/ul>\n<p><strong>Mise en place des injecteurs :<\/strong><\/p>\n<ul>\n<li><span style=\"color: #ff6600;\"><a style=\"color: #ff6600;\" href=\"https:\/\/shop.mabi.fr\/fr\/360-demi-masque-jetable-ffp3-coque--soupape-.html\" target=\"_blank\" rel=\"noopener\">FFP3<\/a><\/span> ou <span style=\"color: #ff6600;\"><a style=\"color: #ff6600;\" href=\"https:\/\/shop.mabi.fr\/fr\/362-demi-masque-bi-galette-nm.html\" target=\"_blank\" rel=\"noopener\">demi-masque bi galette<\/a> <a style=\"color: #ff6600;\" href=\"https:\/\/shop.mabi.fr\/fr\/363-galette-p3---la-paire-nm.html\" target=\"_blank\" rel=\"noopener\">P3<\/a><\/span><\/li>\n<\/ul>\n<p><strong>Injection :\u00a0<\/strong><\/p>\n<ul>\n<li><span style=\"color: #ff6600;\"><a style=\"color: #ff6600;\" href=\"https:\/\/shop.mabi.fr\/fr\/854-masque-panoramique.html\" target=\"_blank\" rel=\"noopener\">Masque panoramique complet<\/a><\/span> ou <span style=\"color: #ff6600;\"><a style=\"color: #ff6600;\" href=\"https:\/\/shop.mabi.fr\/fr\/362-demi-masque-bi-galette-nm.html\" target=\"_blank\" rel=\"noopener\">demi-masque bi galette<\/a><\/span> <span style=\"color: #ff6600;\"><a style=\"color: #ff6600;\" href=\"https:\/\/shop.mabi.fr\/fr\/364-galette-a1b1e1p3---la-paire-nm.html\" target=\"_blank\" rel=\"noopener\">A1B1E1P3<\/a><\/span><\/li>\n<\/ul>\n<p><strong>Pulv\u00e9risation :<\/strong><\/p>\n<ul>\n<li><span style=\"color: #ff6600;\"><a style=\"color: #ff6600;\" href=\"https:\/\/shop.mabi.fr\/fr\/367-cagoule-pour-ventilation-assistee-.html\" target=\"_blank\" rel=\"noopener\">Cagoule<\/a><\/span> avec <span style=\"color: #ff6600;\"><a style=\"color: #ff6600;\" href=\"https:\/\/shop.mabi.fr\/fr\/365-systeme-de-ventilation-complet-en-valise-pour-cagoule-nm.html\" target=\"_blank\" rel=\"noopener\">ventilation assist\u00e9e<\/a><\/span> ou <span style=\"color: #ff6600;\"><a style=\"color: #ff6600;\" href=\"https:\/\/shop.mabi.fr\/fr\/854-masque-panoramique.html\" target=\"_blank\" rel=\"noopener\">masque panoramique complet<\/a><\/span><\/li>\n<\/ul>\n<p>[\/vc_column_text][\/vc_column][vc_column]<div class=\"rt-call-to-action-wraper element-two  \"   style=\"background-color:#7e7e7a;\"><div class=\"rt-call-to-action-wraper-overlay\" style=\"background-color:#ff6600;\"><\/div><div class=\"row rt-call-to-action\"><div class=\"col-lg-8 col-md-7 col-sm-7 col-xs-12\"><div class=\"rt-call-to-action-item matchHeight text-left\"><div class=\"table\"><div class=\"table-cell\"><p style=\"color:#ffffff; font-size:25px; line-height:25px;\">EPI : Masques de protection respiratoire<\/p><\/div><\/div><\/div><\/div><div class=\"col-lg-4 col-md-5 col-sm-5 col-xs-12\"><div class=\"rt-call-to-action-item matchHeight text-center\" style=\"background-color:#ff6600;\"><div class=\"table\"><div class=\"table-cell\"><a class=\"btn \" href=\"https:\/\/shop.mabi.fr\/fr\/74-masques\" title=\"\" rel=\"\">Commander<\/a><\/div><\/div><\/div><\/div><\/div><\/div>[\/vc_column][\/vc_row]<\/p>\n<\/div>","protected":false},"excerpt":{"rendered":"<p>[vc_section css=&#8221;.vc_custom_1511865388351{margin-right: 0px !important;padding-right: 0px !important;padding-left: 15px !important;}&#8221;][vc_row][vc_column][vc_column_text] Selon vos chantiers et selon les risques, il existe diff\u00e9rents \u00e9quipements de protection respiratoire, essentiels pour votre sant\u00e9. Que cela soit pour les travaux d\u2019isolation, le traitement des termites, des insectes xylophages, de la m\u00e9rule, 3D (d\u00e9sinsectisation, d\u00e9sinfection, d\u00e9ratisation), la r\u00e9paration des b\u00e9tons, l\u2019ass\u00e8chement des murs, il [&hellip;]<\/p>\n","protected":false},"author":3,"featured_media":14062,"comment_status":"closed","ping_status":"closed","sticky":false,"template":"","format":"standard","meta":{"footnotes":""},"categories":[98],"tags":[],"class_list":["post-14012","post","type-post","status-publish","format-standard","has-post-thumbnail","hentry","category-protection"],"yoast_head":"<!-- This site is optimized with the Yoast SEO plugin v27.4 - https:\/\/yoast.com\/product\/yoast-seo-wordpress\/ -->\n<title>Protection respiratoire : masques de protection et normes - Mabi<\/title>\n<meta name=\"description\" content=\"Selon vos chantiers et selon les risques, il existe diff\u00e9rents \u00e9quipements de protection respiratoire, essentiels pour votre sant\u00e9. Que cela soit pour les\" \/>\n<meta name=\"robots\" content=\"index, follow, max-snippet:-1, max-image-preview:large, max-video-preview:-1\" \/>\n<link rel=\"canonical\" href=\"https:\/\/www.mabi.fr\/fr\/2023\/06\/protection-respiratoire-masques-de-protection-et-normes\/\" \/>\n<meta property=\"og:locale\" content=\"fr_FR\" \/>\n<meta property=\"og:type\" content=\"article\" \/>\n<meta property=\"og:title\" content=\"Protection respiratoire : masques de protection et normes - Mabi\" \/>\n<meta property=\"og:description\" content=\"Selon vos chantiers et selon les risques, il existe diff\u00e9rents \u00e9quipements de protection respiratoire, essentiels pour votre sant\u00e9. Que cela soit pour les\" \/>\n<meta property=\"og:url\" content=\"https:\/\/www.mabi.fr\/fr\/2023\/06\/protection-respiratoire-masques-de-protection-et-normes\/\" \/>\n<meta property=\"og:site_name\" content=\"Mabi\" \/>\n<meta property=\"article:publisher\" content=\"https:\/\/www.facebook.com\/team.mabi\/\" \/>\n<meta property=\"article:published_time\" content=\"2023-06-30T07:14:17+00:00\" \/>\n<meta property=\"og:image\" content=\"https:\/\/www.mabi.fr\/wp-content\/uploads\/2023\/01\/masques-protection-respiratoire-normes-mabi-1.png\" \/>\n\t<meta property=\"og:image:width\" content=\"2000\" \/>\n\t<meta property=\"og:image:height\" content=\"1000\" \/>\n\t<meta property=\"og:image:type\" content=\"image\/png\" \/>\n<meta name=\"author\" content=\"Mabi\" \/>\n<meta name=\"twitter:card\" content=\"summary_large_image\" \/>\n<meta name=\"twitter:label1\" content=\"\u00c9crit par\" \/>\n\t<meta name=\"twitter:data1\" content=\"Mabi\" \/>\n\t<meta name=\"twitter:label2\" content=\"Dur\u00e9e de lecture estim\u00e9e\" \/>\n\t<meta name=\"twitter:data2\" content=\"4 minutes\" \/>\n<script type=\"application\/ld+json\" class=\"yoast-schema-graph\">{\"@context\":\"https:\\\/\\\/schema.org\",\"@graph\":[{\"@type\":\"Article\",\"@id\":\"https:\\\/\\\/www.mabi.fr\\\/fr\\\/2023\\\/06\\\/protection-respiratoire-masques-de-protection-et-normes\\\/#article\",\"isPartOf\":{\"@id\":\"https:\\\/\\\/www.mabi.fr\\\/fr\\\/2023\\\/06\\\/protection-respiratoire-masques-de-protection-et-normes\\\/\"},\"author\":{\"name\":\"Mabi\",\"@id\":\"https:\\\/\\\/www.mabi.fr\\\/fr\\\/#\\\/schema\\\/person\\\/484127558ce907bc042826a61553259a\"},\"headline\":\"Protection respiratoire : masques de protection et normes\",\"datePublished\":\"2023-06-30T07:14:17+00:00\",\"mainEntityOfPage\":{\"@id\":\"https:\\\/\\\/www.mabi.fr\\\/fr\\\/2023\\\/06\\\/protection-respiratoire-masques-de-protection-et-normes\\\/\"},\"wordCount\":905,\"publisher\":{\"@id\":\"https:\\\/\\\/www.mabi.fr\\\/fr\\\/#organization\"},\"image\":{\"@id\":\"https:\\\/\\\/www.mabi.fr\\\/fr\\\/2023\\\/06\\\/protection-respiratoire-masques-de-protection-et-normes\\\/#primaryimage\"},\"thumbnailUrl\":\"https:\\\/\\\/www.mabi.fr\\\/wp-content\\\/uploads\\\/2023\\\/01\\\/masques-protection-respiratoire-normes-mabi-1.png\",\"articleSection\":[\"Protection\"],\"inLanguage\":\"fr-FR\"},{\"@type\":\"WebPage\",\"@id\":\"https:\\\/\\\/www.mabi.fr\\\/fr\\\/2023\\\/06\\\/protection-respiratoire-masques-de-protection-et-normes\\\/\",\"url\":\"https:\\\/\\\/www.mabi.fr\\\/fr\\\/2023\\\/06\\\/protection-respiratoire-masques-de-protection-et-normes\\\/\",\"name\":\"Protection respiratoire : masques de protection et normes - Mabi\",\"isPartOf\":{\"@id\":\"https:\\\/\\\/www.mabi.fr\\\/fr\\\/#website\"},\"primaryImageOfPage\":{\"@id\":\"https:\\\/\\\/www.mabi.fr\\\/fr\\\/2023\\\/06\\\/protection-respiratoire-masques-de-protection-et-normes\\\/#primaryimage\"},\"image\":{\"@id\":\"https:\\\/\\\/www.mabi.fr\\\/fr\\\/2023\\\/06\\\/protection-respiratoire-masques-de-protection-et-normes\\\/#primaryimage\"},\"thumbnailUrl\":\"https:\\\/\\\/www.mabi.fr\\\/wp-content\\\/uploads\\\/2023\\\/01\\\/masques-protection-respiratoire-normes-mabi-1.png\",\"datePublished\":\"2023-06-30T07:14:17+00:00\",\"description\":\"Selon vos chantiers et selon les risques, il existe diff\u00e9rents \u00e9quipements de protection respiratoire, essentiels pour votre sant\u00e9. Que cela soit pour les\",\"breadcrumb\":{\"@id\":\"https:\\\/\\\/www.mabi.fr\\\/fr\\\/2023\\\/06\\\/protection-respiratoire-masques-de-protection-et-normes\\\/#breadcrumb\"},\"inLanguage\":\"fr-FR\",\"potentialAction\":[{\"@type\":\"ReadAction\",\"target\":[\"https:\\\/\\\/www.mabi.fr\\\/fr\\\/2023\\\/06\\\/protection-respiratoire-masques-de-protection-et-normes\\\/\"]}]},{\"@type\":\"ImageObject\",\"inLanguage\":\"fr-FR\",\"@id\":\"https:\\\/\\\/www.mabi.fr\\\/fr\\\/2023\\\/06\\\/protection-respiratoire-masques-de-protection-et-normes\\\/#primaryimage\",\"url\":\"https:\\\/\\\/www.mabi.fr\\\/wp-content\\\/uploads\\\/2023\\\/01\\\/masques-protection-respiratoire-normes-mabi-1.png\",\"contentUrl\":\"https:\\\/\\\/www.mabi.fr\\\/wp-content\\\/uploads\\\/2023\\\/01\\\/masques-protection-respiratoire-normes-mabi-1.png\",\"width\":2000,\"height\":1000,\"caption\":\"protection respiratoire masques et normes\"},{\"@type\":\"BreadcrumbList\",\"@id\":\"https:\\\/\\\/www.mabi.fr\\\/fr\\\/2023\\\/06\\\/protection-respiratoire-masques-de-protection-et-normes\\\/#breadcrumb\",\"itemListElement\":[{\"@type\":\"ListItem\",\"position\":1,\"name\":\"Accueil\",\"item\":\"https:\\\/\\\/www.mabi.fr\\\/fr\\\/\"},{\"@type\":\"ListItem\",\"position\":2,\"name\":\"Protection respiratoire : masques de protection et normes\"}]},{\"@type\":\"WebSite\",\"@id\":\"https:\\\/\\\/www.mabi.fr\\\/fr\\\/#website\",\"url\":\"https:\\\/\\\/www.mabi.fr\\\/fr\\\/\",\"name\":\"Mabi\",\"description\":\"Traitement du bois et des murs\",\"publisher\":{\"@id\":\"https:\\\/\\\/www.mabi.fr\\\/fr\\\/#organization\"},\"inLanguage\":\"fr-FR\"},{\"@type\":\"Organization\",\"@id\":\"https:\\\/\\\/www.mabi.fr\\\/fr\\\/#organization\",\"name\":\"MABI\",\"url\":\"https:\\\/\\\/www.mabi.fr\\\/fr\\\/\",\"logo\":{\"@type\":\"ImageObject\",\"inLanguage\":\"fr-FR\",\"@id\":\"https:\\\/\\\/www.mabi.fr\\\/fr\\\/#\\\/schema\\\/logo\\\/image\\\/\",\"url\":\"https:\\\/\\\/www.mabi.fr\\\/wp-content\\\/uploads\\\/2018\\\/04\\\/logo-mabi.png\",\"contentUrl\":\"https:\\\/\\\/www.mabi.fr\\\/wp-content\\\/uploads\\\/2018\\\/04\\\/logo-mabi.png\",\"width\":400,\"height\":165,\"caption\":\"MABI\"},\"image\":{\"@id\":\"https:\\\/\\\/www.mabi.fr\\\/fr\\\/#\\\/schema\\\/logo\\\/image\\\/\"},\"sameAs\":[\"https:\\\/\\\/www.facebook.com\\\/team.mabi\\\/\",\"https:\\\/\\\/www.youtube.com\\\/channel\\\/UCROWjwVyMZg_5ybzXJofFlg\"]},{\"@type\":\"Person\",\"@id\":\"https:\\\/\\\/www.mabi.fr\\\/fr\\\/#\\\/schema\\\/person\\\/484127558ce907bc042826a61553259a\",\"name\":\"Mabi\",\"image\":{\"@type\":\"ImageObject\",\"inLanguage\":\"fr-FR\",\"@id\":\"https:\\\/\\\/secure.gravatar.com\\\/avatar\\\/82af1fd0989cd4216d2e0ce89972cea75a9214661afe9d79e15525c8767abc4c?s=96&d=mm&r=g\",\"url\":\"https:\\\/\\\/secure.gravatar.com\\\/avatar\\\/82af1fd0989cd4216d2e0ce89972cea75a9214661afe9d79e15525c8767abc4c?s=96&d=mm&r=g\",\"contentUrl\":\"https:\\\/\\\/secure.gravatar.com\\\/avatar\\\/82af1fd0989cd4216d2e0ce89972cea75a9214661afe9d79e15525c8767abc4c?s=96&d=mm&r=g\",\"caption\":\"Mabi\"},\"sameAs\":[\"https:\\\/\\\/www.mabi.fr\"]}]}<\/script>\n<!-- \/ Yoast SEO plugin. -->","yoast_head_json":{"title":"Protection respiratoire : masques de protection et normes - Mabi","description":"Selon vos chantiers et selon les risques, il existe diff\u00e9rents \u00e9quipements de protection respiratoire, essentiels pour votre sant\u00e9. Que cela soit pour les","robots":{"index":"index","follow":"follow","max-snippet":"max-snippet:-1","max-image-preview":"max-image-preview:large","max-video-preview":"max-video-preview:-1"},"canonical":"https:\/\/www.mabi.fr\/fr\/2023\/06\/protection-respiratoire-masques-de-protection-et-normes\/","og_locale":"fr_FR","og_type":"article","og_title":"Protection respiratoire : masques de protection et normes - Mabi","og_description":"Selon vos chantiers et selon les risques, il existe diff\u00e9rents \u00e9quipements de protection respiratoire, essentiels pour votre sant\u00e9. Que cela soit pour les","og_url":"https:\/\/www.mabi.fr\/fr\/2023\/06\/protection-respiratoire-masques-de-protection-et-normes\/","og_site_name":"Mabi","article_publisher":"https:\/\/www.facebook.com\/team.mabi\/","article_published_time":"2023-06-30T07:14:17+00:00","og_image":[{"width":2000,"height":1000,"url":"https:\/\/www.mabi.fr\/wp-content\/uploads\/2023\/01\/masques-protection-respiratoire-normes-mabi-1.png","type":"image\/png"}],"author":"Mabi","twitter_card":"summary_large_image","twitter_misc":{"\u00c9crit par":"Mabi","Dur\u00e9e de lecture estim\u00e9e":"4 minutes"},"schema":{"@context":"https:\/\/schema.org","@graph":[{"@type":"Article","@id":"https:\/\/www.mabi.fr\/fr\/2023\/06\/protection-respiratoire-masques-de-protection-et-normes\/#article","isPartOf":{"@id":"https:\/\/www.mabi.fr\/fr\/2023\/06\/protection-respiratoire-masques-de-protection-et-normes\/"},"author":{"name":"Mabi","@id":"https:\/\/www.mabi.fr\/fr\/#\/schema\/person\/484127558ce907bc042826a61553259a"},"headline":"Protection respiratoire : masques de protection et normes","datePublished":"2023-06-30T07:14:17+00:00","mainEntityOfPage":{"@id":"https:\/\/www.mabi.fr\/fr\/2023\/06\/protection-respiratoire-masques-de-protection-et-normes\/"},"wordCount":905,"publisher":{"@id":"https:\/\/www.mabi.fr\/fr\/#organization"},"image":{"@id":"https:\/\/www.mabi.fr\/fr\/2023\/06\/protection-respiratoire-masques-de-protection-et-normes\/#primaryimage"},"thumbnailUrl":"https:\/\/www.mabi.fr\/wp-content\/uploads\/2023\/01\/masques-protection-respiratoire-normes-mabi-1.png","articleSection":["Protection"],"inLanguage":"fr-FR"},{"@type":"WebPage","@id":"https:\/\/www.mabi.fr\/fr\/2023\/06\/protection-respiratoire-masques-de-protection-et-normes\/","url":"https:\/\/www.mabi.fr\/fr\/2023\/06\/protection-respiratoire-masques-de-protection-et-normes\/","name":"Protection respiratoire : masques de protection et normes - Mabi","isPartOf":{"@id":"https:\/\/www.mabi.fr\/fr\/#website"},"primaryImageOfPage":{"@id":"https:\/\/www.mabi.fr\/fr\/2023\/06\/protection-respiratoire-masques-de-protection-et-normes\/#primaryimage"},"image":{"@id":"https:\/\/www.mabi.fr\/fr\/2023\/06\/protection-respiratoire-masques-de-protection-et-normes\/#primaryimage"},"thumbnailUrl":"https:\/\/www.mabi.fr\/wp-content\/uploads\/2023\/01\/masques-protection-respiratoire-normes-mabi-1.png","datePublished":"2023-06-30T07:14:17+00:00","description":"Selon vos chantiers et selon les risques, il existe diff\u00e9rents \u00e9quipements de protection respiratoire, essentiels pour votre sant\u00e9. Que cela soit pour les","breadcrumb":{"@id":"https:\/\/www.mabi.fr\/fr\/2023\/06\/protection-respiratoire-masques-de-protection-et-normes\/#breadcrumb"},"inLanguage":"fr-FR","potentialAction":[{"@type":"ReadAction","target":["https:\/\/www.mabi.fr\/fr\/2023\/06\/protection-respiratoire-masques-de-protection-et-normes\/"]}]},{"@type":"ImageObject","inLanguage":"fr-FR","@id":"https:\/\/www.mabi.fr\/fr\/2023\/06\/protection-respiratoire-masques-de-protection-et-normes\/#primaryimage","url":"https:\/\/www.mabi.fr\/wp-content\/uploads\/2023\/01\/masques-protection-respiratoire-normes-mabi-1.png","contentUrl":"https:\/\/www.mabi.fr\/wp-content\/uploads\/2023\/01\/masques-protection-respiratoire-normes-mabi-1.png","width":2000,"height":1000,"caption":"protection respiratoire masques et normes"},{"@type":"BreadcrumbList","@id":"https:\/\/www.mabi.fr\/fr\/2023\/06\/protection-respiratoire-masques-de-protection-et-normes\/#breadcrumb","itemListElement":[{"@type":"ListItem","position":1,"name":"Accueil","item":"https:\/\/www.mabi.fr\/fr\/"},{"@type":"ListItem","position":2,"name":"Protection respiratoire : masques de protection et normes"}]},{"@type":"WebSite","@id":"https:\/\/www.mabi.fr\/fr\/#website","url":"https:\/\/www.mabi.fr\/fr\/","name":"Mabi","description":"Traitement du bois et des murs","publisher":{"@id":"https:\/\/www.mabi.fr\/fr\/#organization"},"inLanguage":"fr-FR"},{"@type":"Organization","@id":"https:\/\/www.mabi.fr\/fr\/#organization","name":"MABI","url":"https:\/\/www.mabi.fr\/fr\/","logo":{"@type":"ImageObject","inLanguage":"fr-FR","@id":"https:\/\/www.mabi.fr\/fr\/#\/schema\/logo\/image\/","url":"https:\/\/www.mabi.fr\/wp-content\/uploads\/2018\/04\/logo-mabi.png","contentUrl":"https:\/\/www.mabi.fr\/wp-content\/uploads\/2018\/04\/logo-mabi.png","width":400,"height":165,"caption":"MABI"},"image":{"@id":"https:\/\/www.mabi.fr\/fr\/#\/schema\/logo\/image\/"},"sameAs":["https:\/\/www.facebook.com\/team.mabi\/","https:\/\/www.youtube.com\/channel\/UCROWjwVyMZg_5ybzXJofFlg"]},{"@type":"Person","@id":"https:\/\/www.mabi.fr\/fr\/#\/schema\/person\/484127558ce907bc042826a61553259a","name":"Mabi","image":{"@type":"ImageObject","inLanguage":"fr-FR","@id":"https:\/\/secure.gravatar.com\/avatar\/82af1fd0989cd4216d2e0ce89972cea75a9214661afe9d79e15525c8767abc4c?s=96&d=mm&r=g","url":"https:\/\/secure.gravatar.com\/avatar\/82af1fd0989cd4216d2e0ce89972cea75a9214661afe9d79e15525c8767abc4c?s=96&d=mm&r=g","contentUrl":"https:\/\/secure.gravatar.com\/avatar\/82af1fd0989cd4216d2e0ce89972cea75a9214661afe9d79e15525c8767abc4c?s=96&d=mm&r=g","caption":"Mabi"},"sameAs":["https:\/\/www.mabi.fr"]}]}},"_links":{"self":[{"href":"https:\/\/www.mabi.fr\/fr\/wp-json\/wp\/v2\/posts\/14012","targetHints":{"allow":["GET"]}}],"collection":[{"href":"https:\/\/www.mabi.fr\/fr\/wp-json\/wp\/v2\/posts"}],"about":[{"href":"https:\/\/www.mabi.fr\/fr\/wp-json\/wp\/v2\/types\/post"}],"author":[{"embeddable":true,"href":"https:\/\/www.mabi.fr\/fr\/wp-json\/wp\/v2\/users\/3"}],"replies":[{"embeddable":true,"href":"https:\/\/www.mabi.fr\/fr\/wp-json\/wp\/v2\/comments?post=14012"}],"version-history":[{"count":5,"href":"https:\/\/www.mabi.fr\/fr\/wp-json\/wp\/v2\/posts\/14012\/revisions"}],"predecessor-version":[{"id":14209,"href":"https:\/\/www.mabi.fr\/fr\/wp-json\/wp\/v2\/posts\/14012\/revisions\/14209"}],"wp:featuredmedia":[{"embeddable":true,"href":"https:\/\/www.mabi.fr\/fr\/wp-json\/wp\/v2\/media\/14062"}],"wp:attachment":[{"href":"https:\/\/www.mabi.fr\/fr\/wp-json\/wp\/v2\/media?parent=14012"}],"wp:term":[{"taxonomy":"category","embeddable":true,"href":"https:\/\/www.mabi.fr\/fr\/wp-json\/wp\/v2\/categories?post=14012"},{"taxonomy":"post_tag","embeddable":true,"href":"https:\/\/www.mabi.fr\/fr\/wp-json\/wp\/v2\/tags?post=14012"}],"curies":[{"name":"wp","href":"https:\/\/api.w.org\/{rel}","templated":true}]}}