{"id":14161,"date":"2023-05-22T11:23:50","date_gmt":"2023-05-22T09:23:50","guid":{"rendered":"https:\/\/www.mabi.fr\/?p=14161"},"modified":"2023-05-23T09:51:57","modified_gmt":"2023-05-23T07:51:57","slug":"aftes-congres-international-2023","status":"publish","type":"post","link":"https:\/\/www.mabi.fr\/fr\/2023\/05\/aftes-congres-international-2023\/","title":{"rendered":"AFTES Congr\u00e8s international 2023"},"content":{"rendered":"<div class=\"wpb-content-wrapper\"><p>[vc_section css=&#8221;.vc_custom_1511865388351{margin-right: 0px !important;padding-right: 0px !important;padding-left: 15px !important;}&#8221;][vc_row][vc_column][vc_custom_heading text=&#8221;Congr\u00e8s international de l&#8217;AFTES&#8221; font_container=&#8221;tag:h2|font_size:25px|text_align:left|color:%23ff6600|line_height:27px&#8221; use_theme_fonts=&#8221;yes&#8221; link=&#8221;|||&#8221;][vc_column_text css=&#8221;.vc_custom_1684827996555{margin-top: 0px !important;margin-bottom: 0px !important;}&#8221;]Le congr\u00e8s de <span style=\"color: #ff6600;\"><a style=\"color: #ff6600;\" href=\"https:\/\/www.aftes.fr\/fr\/\" target=\"_blank\" rel=\"noopener\">l&#8217;AFTES<\/a><\/span> est un \u00e9v\u00e9nement organis\u00e9 tous les deux ans par l&#8217;<strong><em>Association Fran\u00e7aise des Tunnels et de l&#8217;Espace Souterrain<\/em><\/strong> (AFTES). Cette association a pour objectif de promouvoir le d\u00e9veloppement de l&#8217;utilisation de l&#8217;espace souterrain, notamment \u00e0 travers la construction de tunnels.<\/p>\n<p>Le congr\u00e8s de l&#8217;AFTES est l&#8217;occasion pour les professionnels de pr\u00e9senter leurs derni\u00e8res r\u00e9alisations et leurs projets en cours, de partager leurs exp\u00e9riences et d&#8217;\u00e9changer sur les derni\u00e8res avanc\u00e9es technologiques et scientifiques dans le domaine des <strong>travaux souterrains<\/strong>. Les th\u00e8mes abord\u00e9s lors du congr\u00e8s de l&#8217;AFTES sont vari\u00e9s et couvrent tous les aspects des travaux souterrains, tels que la conception et la r\u00e9alisation de tunnels, les m\u00e9thodes de forage, les mat\u00e9riaux utilis\u00e9s, la s\u00e9curit\u00e9, la gestion des risques, la maintenance et l&#8217;exploitation des tunnels.<\/p>\n<p>Les participants au congr\u00e8s peuvent assister \u00e0 des pr\u00e9sentations, des conf\u00e9rences et des expositions sur les derni\u00e8res avanc\u00e9es et les innovations dans le domaine de la construction de tunnels et de l&#8217;utilisation de l&#8217;espace souterrain.[\/vc_column_text][vc_empty_space height=&#8221;50px&#8221;][\/vc_column][\/vc_row][vc_row][vc_column width=&#8221;1\/2&#8243;][vc_column_text css=&#8221;.vc_custom_1684827902530{margin-top: 0px !important;margin-bottom: 0px !important;}&#8221;]<span style=\"color: #ff6600;\"><strong>La <a style=\"color: #ff6600;\" href=\"https:\/\/www.aftes.fr\/fr\/events\/aftes-congres-international-2023-2\/\" target=\"_blank\" rel=\"noopener\">prochaine \u00e9dition du congr\u00e8s de l\u2019AFTES<\/a> se d\u00e9roulera du 2 au 4 octobre 2023 au Palais des Congr\u00e8s \u00e0 Paris.<\/strong><\/span><\/p>\n<p><span style=\"color: #000000;\"><strong>Retrouvez MABI au stand n\u00b0 164.<\/strong><\/span><\/p>\n<p><a href=\"https:\/\/shop.mabi.fr\/fr\/\" target=\"_blank\" rel=\"noopener\">MABI<\/a> pr\u00e9sentera sa gamme de produits pour la r\u00e9paration des b\u00e9tons et de l&#8217;\u00e9tanch\u00e9it\u00e9 des structures dans les domaines du tunnel, des fondations sp\u00e9ciales et du g\u00e9nie civil :<\/p>\n<ul>\n<li>Les <a href=\"https:\/\/shop.mabi.fr\/fr\/recherche?controller=search&amp;s=webac\" target=\"_blank\" rel=\"noopener\">r\u00e9sines techniques Webac<\/a> : r\u00e9sine epoxy, r\u00e9sine polyur\u00e9thane, r\u00e9sine \u00e0 base de silicate et gel acrylique<\/li>\n<li>Les pompes pneumatiques mono et bi-composants <a href=\"https:\/\/shop.mabi.fr\/fr\/recherche?controller=search&amp;s=wiwa\" target=\"_blank\" rel=\"noopener\">WIWA<\/a> et pompes \u00e9lectriques <a href=\"https:\/\/shop.mabi.fr\/fr\/68-pompes\" target=\"_blank\" rel=\"noopener\">MABI<\/a><\/li>\n<li>Une large gamme d&#8217;<a href=\"https:\/\/shop.mabi.fr\/fr\/93-injecteurs-murs\" target=\"_blank\" rel=\"noopener\">injecteurs<\/a> et d&#8217;obturateurs<\/li>\n<\/ul>\n<p>Retrouvez \u00e9galement d&#8217;autres exposants comme : <a href=\"https:\/\/vinci-construction.com\/fr\/\" target=\"_blank\" rel=\"noopener\">Vinci Construction<\/a>, <a href=\"https:\/\/www.bouygues-tp.com\/\" target=\"_blank\" rel=\"noopener\">Bouygues Travaux Publics<\/a>, <a href=\"https:\/\/www.demathieu-bard.fr\/\" target=\"_blank\" rel=\"noopener\">Demathieu Bard Construction<\/a>, <a href=\"https:\/\/www.eiffagegeniecivil.com\/\" target=\"_blank\" rel=\"noopener\">Eiffage G\u00e9nie Civil<\/a>, <a href=\"https:\/\/www.etandex.fr\/\" target=\"_blank\" rel=\"noopener\">Etandex<\/a>, <a href=\"https:\/\/www.nge.fr\/\" target=\"_blank\" rel=\"noopener\">NGE<\/a>, <a href=\"https:\/\/www.razel-bec.com\/\" target=\"_blank\" rel=\"noopener\">Razel-Bec<\/a>, <a href=\"https:\/\/www.sade-travaux-speciaux.fr\/\" target=\"_blank\" rel=\"noopener\">Sade Travaux Sp\u00e9ciaux<\/a>, <a href=\"https:\/\/www.sixense-group.com\/\" target=\"_blank\" rel=\"noopener\">Sixense<\/a>, <a href=\"https:\/\/www.soletanche-bachy.com\/fr\" target=\"_blank\" rel=\"noopener\">Soletanche Bachy<\/a>, <a href=\"https:\/\/www.spiebatignolles.fr\/\" target=\"_blank\" rel=\"noopener\">Spie Batignolles<\/a>, &#8230;[\/vc_column_text][\/vc_column][vc_column width=&#8221;1\/2&#8243;][vc_single_image image=&#8221;14164&#8243; img_size=&#8221;full&#8221; onclick=&#8221;custom_link&#8221; img_link_target=&#8221;_blank&#8221; link=&#8221;https:\/\/www.aftes.fr\/fr\/events\/aftes-congres-international-2023-2\/&#8221;][vc_single_image image=&#8221;14179&#8243; img_size=&#8221;full&#8221; onclick=&#8221;custom_link&#8221; img_link_target=&#8221;_blank&#8221; link=&#8221;https:\/\/aftes2023.com\/fr\/sponsors-et-exposants\/devenir-sponsor-exposant&#8221;][\/vc_column][\/vc_row][\/vc_section][vc_row][vc_column]<div class=\"rt-call-to-action-wraper element-two  \"   style=\"background-color:#7e7e7a;\"><div class=\"rt-call-to-action-wraper-overlay\" style=\"background-color:#ff6600;\"><\/div><div class=\"row rt-call-to-action\"><div class=\"col-lg-8 col-md-7 col-sm-7 col-xs-12\"><div class=\"rt-call-to-action-item matchHeight text-left\"><div class=\"table\"><div class=\"table-cell\"><p style=\"color:#ffffff; font-size:25px; line-height:25px;\">Consulter le site de l'AFTES<\/p><\/div><\/div><\/div><\/div><div class=\"col-lg-4 col-md-5 col-sm-5 col-xs-12\"><div class=\"rt-call-to-action-item matchHeight text-center\" style=\"background-color:#ff6600;\"><div class=\"table\"><div class=\"table-cell\"><a class=\"btn \" href=\"https:\/\/www.aftes.fr\/fr\/\" title=\"\" rel=\"\">Voir<\/a><\/div><\/div><\/div><\/div><\/div><\/div>[\/vc_column][\/vc_row]<\/p>\n<\/div>","protected":false},"excerpt":{"rendered":"<p>[vc_section css=&#8221;.vc_custom_1511865388351{margin-right: 0px !important;padding-right: 0px !important;padding-left: 15px !important;}&#8221;][vc_row][vc_column][vc_custom_heading text=&#8221;Congr\u00e8s international de l&#8217;AFTES&#8221; font_container=&#8221;tag:h2|font_size:25px|text_align:left|color:%23ff6600|line_height:27px&#8221; use_theme_fonts=&#8221;yes&#8221; link=&#8221;|||&#8221;][vc_column_text css=&#8221;.vc_custom_1684827996555{margin-top: 0px !important;margin-bottom: 0px !important;}&#8221;]Le congr\u00e8s de l&#8217;AFTES est un \u00e9v\u00e9nement organis\u00e9 tous les deux ans par l&#8217;Association Fran\u00e7aise des Tunnels et de l&#8217;Espace Souterrain (AFTES). Cette association a pour objectif de promouvoir le d\u00e9veloppement de l&#8217;utilisation de l&#8217;espace souterrain, [&hellip;]<\/p>\n","protected":false},"author":3,"featured_media":14196,"comment_status":"closed","ping_status":"closed","sticky":false,"template":"","format":"standard","meta":{"footnotes":""},"categories":[155],"tags":[],"class_list":["post-14161","post","type-post","status-publish","format-standard","has-post-thumbnail","hentry","category-salon"],"yoast_head":"<!-- This site is optimized with the Yoast SEO plugin v27.4 - https:\/\/yoast.com\/product\/yoast-seo-wordpress\/ -->\n<title>AFTES Congr\u00e8s international 2023 - Mabi<\/title>\n<meta name=\"description\" content=\"Le congr\u00e8s de l&#039;AFTES est un \u00e9v\u00e9nement organis\u00e9 tous les deux ans par l&#039;Association Fran\u00e7aise des Tunnels et de l&#039;Espace Souterrain (AFTES). Cette\" \/>\n<meta name=\"robots\" content=\"index, follow, max-snippet:-1, max-image-preview:large, max-video-preview:-1\" \/>\n<link rel=\"canonical\" href=\"https:\/\/www.mabi.fr\/fr\/2023\/05\/aftes-congres-international-2023\/\" \/>\n<meta property=\"og:locale\" content=\"fr_FR\" \/>\n<meta property=\"og:type\" content=\"article\" \/>\n<meta property=\"og:title\" content=\"AFTES Congr\u00e8s international 2023 - Mabi\" \/>\n<meta property=\"og:description\" content=\"Le congr\u00e8s de l&#039;AFTES est un \u00e9v\u00e9nement organis\u00e9 tous les deux ans par l&#039;Association Fran\u00e7aise des Tunnels et de l&#039;Espace Souterrain (AFTES). Cette\" \/>\n<meta property=\"og:url\" content=\"https:\/\/www.mabi.fr\/fr\/2023\/05\/aftes-congres-international-2023\/\" \/>\n<meta property=\"og:site_name\" content=\"Mabi\" \/>\n<meta property=\"article:publisher\" content=\"https:\/\/www.facebook.com\/team.mabi\/\" \/>\n<meta property=\"article:published_time\" content=\"2023-05-22T09:23:50+00:00\" \/>\n<meta property=\"article:modified_time\" content=\"2023-05-23T07:51:57+00:00\" \/>\n<meta property=\"og:image\" content=\"https:\/\/www.mabi.fr\/wp-content\/uploads\/2023\/05\/congres-aftes-2023-copie.png\" \/>\n\t<meta property=\"og:image:width\" content=\"1999\" \/>\n\t<meta property=\"og:image:height\" content=\"779\" \/>\n\t<meta property=\"og:image:type\" content=\"image\/png\" \/>\n<meta name=\"author\" content=\"Mabi\" \/>\n<meta name=\"twitter:card\" content=\"summary_large_image\" \/>\n<meta name=\"twitter:label1\" content=\"\u00c9crit par\" \/>\n\t<meta name=\"twitter:data1\" content=\"Mabi\" \/>\n\t<meta name=\"twitter:label2\" content=\"Dur\u00e9e de lecture estim\u00e9e\" \/>\n\t<meta name=\"twitter:data2\" content=\"3 minutes\" \/>\n<script type=\"application\/ld+json\" class=\"yoast-schema-graph\">{\"@context\":\"https:\\\/\\\/schema.org\",\"@graph\":[{\"@type\":\"Article\",\"@id\":\"https:\\\/\\\/www.mabi.fr\\\/fr\\\/2023\\\/05\\\/aftes-congres-international-2023\\\/#article\",\"isPartOf\":{\"@id\":\"https:\\\/\\\/www.mabi.fr\\\/fr\\\/2023\\\/05\\\/aftes-congres-international-2023\\\/\"},\"author\":{\"name\":\"Mabi\",\"@id\":\"https:\\\/\\\/www.mabi.fr\\\/fr\\\/#\\\/schema\\\/person\\\/484127558ce907bc042826a61553259a\"},\"headline\":\"AFTES Congr\u00e8s international 2023\",\"datePublished\":\"2023-05-22T09:23:50+00:00\",\"dateModified\":\"2023-05-23T07:51:57+00:00\",\"mainEntityOfPage\":{\"@id\":\"https:\\\/\\\/www.mabi.fr\\\/fr\\\/2023\\\/05\\\/aftes-congres-international-2023\\\/\"},\"wordCount\":551,\"publisher\":{\"@id\":\"https:\\\/\\\/www.mabi.fr\\\/fr\\\/#organization\"},\"image\":{\"@id\":\"https:\\\/\\\/www.mabi.fr\\\/fr\\\/2023\\\/05\\\/aftes-congres-international-2023\\\/#primaryimage\"},\"thumbnailUrl\":\"https:\\\/\\\/www.mabi.fr\\\/wp-content\\\/uploads\\\/2023\\\/05\\\/congres-aftes-2023-copie.png\",\"articleSection\":[\"Salon\"],\"inLanguage\":\"fr-FR\"},{\"@type\":\"WebPage\",\"@id\":\"https:\\\/\\\/www.mabi.fr\\\/fr\\\/2023\\\/05\\\/aftes-congres-international-2023\\\/\",\"url\":\"https:\\\/\\\/www.mabi.fr\\\/fr\\\/2023\\\/05\\\/aftes-congres-international-2023\\\/\",\"name\":\"AFTES Congr\u00e8s international 2023 - Mabi\",\"isPartOf\":{\"@id\":\"https:\\\/\\\/www.mabi.fr\\\/fr\\\/#website\"},\"primaryImageOfPage\":{\"@id\":\"https:\\\/\\\/www.mabi.fr\\\/fr\\\/2023\\\/05\\\/aftes-congres-international-2023\\\/#primaryimage\"},\"image\":{\"@id\":\"https:\\\/\\\/www.mabi.fr\\\/fr\\\/2023\\\/05\\\/aftes-congres-international-2023\\\/#primaryimage\"},\"thumbnailUrl\":\"https:\\\/\\\/www.mabi.fr\\\/wp-content\\\/uploads\\\/2023\\\/05\\\/congres-aftes-2023-copie.png\",\"datePublished\":\"2023-05-22T09:23:50+00:00\",\"dateModified\":\"2023-05-23T07:51:57+00:00\",\"description\":\"Le congr\u00e8s de l'AFTES est un \u00e9v\u00e9nement organis\u00e9 tous les deux ans par l'Association Fran\u00e7aise des Tunnels et de l'Espace Souterrain (AFTES). Cette\",\"breadcrumb\":{\"@id\":\"https:\\\/\\\/www.mabi.fr\\\/fr\\\/2023\\\/05\\\/aftes-congres-international-2023\\\/#breadcrumb\"},\"inLanguage\":\"fr-FR\",\"potentialAction\":[{\"@type\":\"ReadAction\",\"target\":[\"https:\\\/\\\/www.mabi.fr\\\/fr\\\/2023\\\/05\\\/aftes-congres-international-2023\\\/\"]}]},{\"@type\":\"ImageObject\",\"inLanguage\":\"fr-FR\",\"@id\":\"https:\\\/\\\/www.mabi.fr\\\/fr\\\/2023\\\/05\\\/aftes-congres-international-2023\\\/#primaryimage\",\"url\":\"https:\\\/\\\/www.mabi.fr\\\/wp-content\\\/uploads\\\/2023\\\/05\\\/congres-aftes-2023-copie.png\",\"contentUrl\":\"https:\\\/\\\/www.mabi.fr\\\/wp-content\\\/uploads\\\/2023\\\/05\\\/congres-aftes-2023-copie.png\",\"width\":1999,\"height\":779,\"caption\":\"congr\u00e8s aftes 2023\"},{\"@type\":\"BreadcrumbList\",\"@id\":\"https:\\\/\\\/www.mabi.fr\\\/fr\\\/2023\\\/05\\\/aftes-congres-international-2023\\\/#breadcrumb\",\"itemListElement\":[{\"@type\":\"ListItem\",\"position\":1,\"name\":\"Accueil\",\"item\":\"https:\\\/\\\/www.mabi.fr\\\/fr\\\/\"},{\"@type\":\"ListItem\",\"position\":2,\"name\":\"AFTES Congr\u00e8s international 2023\"}]},{\"@type\":\"WebSite\",\"@id\":\"https:\\\/\\\/www.mabi.fr\\\/fr\\\/#website\",\"url\":\"https:\\\/\\\/www.mabi.fr\\\/fr\\\/\",\"name\":\"Mabi\",\"description\":\"Traitement du bois et des murs\",\"publisher\":{\"@id\":\"https:\\\/\\\/www.mabi.fr\\\/fr\\\/#organization\"},\"inLanguage\":\"fr-FR\"},{\"@type\":\"Organization\",\"@id\":\"https:\\\/\\\/www.mabi.fr\\\/fr\\\/#organization\",\"name\":\"MABI\",\"url\":\"https:\\\/\\\/www.mabi.fr\\\/fr\\\/\",\"logo\":{\"@type\":\"ImageObject\",\"inLanguage\":\"fr-FR\",\"@id\":\"https:\\\/\\\/www.mabi.fr\\\/fr\\\/#\\\/schema\\\/logo\\\/image\\\/\",\"url\":\"https:\\\/\\\/www.mabi.fr\\\/wp-content\\\/uploads\\\/2018\\\/04\\\/logo-mabi.png\",\"contentUrl\":\"https:\\\/\\\/www.mabi.fr\\\/wp-content\\\/uploads\\\/2018\\\/04\\\/logo-mabi.png\",\"width\":400,\"height\":165,\"caption\":\"MABI\"},\"image\":{\"@id\":\"https:\\\/\\\/www.mabi.fr\\\/fr\\\/#\\\/schema\\\/logo\\\/image\\\/\"},\"sameAs\":[\"https:\\\/\\\/www.facebook.com\\\/team.mabi\\\/\",\"https:\\\/\\\/www.youtube.com\\\/channel\\\/UCROWjwVyMZg_5ybzXJofFlg\"]},{\"@type\":\"Person\",\"@id\":\"https:\\\/\\\/www.mabi.fr\\\/fr\\\/#\\\/schema\\\/person\\\/484127558ce907bc042826a61553259a\",\"name\":\"Mabi\",\"image\":{\"@type\":\"ImageObject\",\"inLanguage\":\"fr-FR\",\"@id\":\"https:\\\/\\\/secure.gravatar.com\\\/avatar\\\/82af1fd0989cd4216d2e0ce89972cea75a9214661afe9d79e15525c8767abc4c?s=96&d=mm&r=g\",\"url\":\"https:\\\/\\\/secure.gravatar.com\\\/avatar\\\/82af1fd0989cd4216d2e0ce89972cea75a9214661afe9d79e15525c8767abc4c?s=96&d=mm&r=g\",\"contentUrl\":\"https:\\\/\\\/secure.gravatar.com\\\/avatar\\\/82af1fd0989cd4216d2e0ce89972cea75a9214661afe9d79e15525c8767abc4c?s=96&d=mm&r=g\",\"caption\":\"Mabi\"},\"sameAs\":[\"https:\\\/\\\/www.mabi.fr\"]}]}<\/script>\n<!-- \/ Yoast SEO plugin. -->","yoast_head_json":{"title":"AFTES Congr\u00e8s international 2023 - Mabi","description":"Le congr\u00e8s de l'AFTES est un \u00e9v\u00e9nement organis\u00e9 tous les deux ans par l'Association Fran\u00e7aise des Tunnels et de l'Espace Souterrain (AFTES). Cette","robots":{"index":"index","follow":"follow","max-snippet":"max-snippet:-1","max-image-preview":"max-image-preview:large","max-video-preview":"max-video-preview:-1"},"canonical":"https:\/\/www.mabi.fr\/fr\/2023\/05\/aftes-congres-international-2023\/","og_locale":"fr_FR","og_type":"article","og_title":"AFTES Congr\u00e8s international 2023 - Mabi","og_description":"Le congr\u00e8s de l'AFTES est un \u00e9v\u00e9nement organis\u00e9 tous les deux ans par l'Association Fran\u00e7aise des Tunnels et de l'Espace Souterrain (AFTES). Cette","og_url":"https:\/\/www.mabi.fr\/fr\/2023\/05\/aftes-congres-international-2023\/","og_site_name":"Mabi","article_publisher":"https:\/\/www.facebook.com\/team.mabi\/","article_published_time":"2023-05-22T09:23:50+00:00","article_modified_time":"2023-05-23T07:51:57+00:00","og_image":[{"width":1999,"height":779,"url":"https:\/\/www.mabi.fr\/wp-content\/uploads\/2023\/05\/congres-aftes-2023-copie.png","type":"image\/png"}],"author":"Mabi","twitter_card":"summary_large_image","twitter_misc":{"\u00c9crit par":"Mabi","Dur\u00e9e de lecture estim\u00e9e":"3 minutes"},"schema":{"@context":"https:\/\/schema.org","@graph":[{"@type":"Article","@id":"https:\/\/www.mabi.fr\/fr\/2023\/05\/aftes-congres-international-2023\/#article","isPartOf":{"@id":"https:\/\/www.mabi.fr\/fr\/2023\/05\/aftes-congres-international-2023\/"},"author":{"name":"Mabi","@id":"https:\/\/www.mabi.fr\/fr\/#\/schema\/person\/484127558ce907bc042826a61553259a"},"headline":"AFTES Congr\u00e8s international 2023","datePublished":"2023-05-22T09:23:50+00:00","dateModified":"2023-05-23T07:51:57+00:00","mainEntityOfPage":{"@id":"https:\/\/www.mabi.fr\/fr\/2023\/05\/aftes-congres-international-2023\/"},"wordCount":551,"publisher":{"@id":"https:\/\/www.mabi.fr\/fr\/#organization"},"image":{"@id":"https:\/\/www.mabi.fr\/fr\/2023\/05\/aftes-congres-international-2023\/#primaryimage"},"thumbnailUrl":"https:\/\/www.mabi.fr\/wp-content\/uploads\/2023\/05\/congres-aftes-2023-copie.png","articleSection":["Salon"],"inLanguage":"fr-FR"},{"@type":"WebPage","@id":"https:\/\/www.mabi.fr\/fr\/2023\/05\/aftes-congres-international-2023\/","url":"https:\/\/www.mabi.fr\/fr\/2023\/05\/aftes-congres-international-2023\/","name":"AFTES Congr\u00e8s international 2023 - Mabi","isPartOf":{"@id":"https:\/\/www.mabi.fr\/fr\/#website"},"primaryImageOfPage":{"@id":"https:\/\/www.mabi.fr\/fr\/2023\/05\/aftes-congres-international-2023\/#primaryimage"},"image":{"@id":"https:\/\/www.mabi.fr\/fr\/2023\/05\/aftes-congres-international-2023\/#primaryimage"},"thumbnailUrl":"https:\/\/www.mabi.fr\/wp-content\/uploads\/2023\/05\/congres-aftes-2023-copie.png","datePublished":"2023-05-22T09:23:50+00:00","dateModified":"2023-05-23T07:51:57+00:00","description":"Le congr\u00e8s de l'AFTES est un \u00e9v\u00e9nement organis\u00e9 tous les deux ans par l'Association Fran\u00e7aise des Tunnels et de l'Espace Souterrain (AFTES). Cette","breadcrumb":{"@id":"https:\/\/www.mabi.fr\/fr\/2023\/05\/aftes-congres-international-2023\/#breadcrumb"},"inLanguage":"fr-FR","potentialAction":[{"@type":"ReadAction","target":["https:\/\/www.mabi.fr\/fr\/2023\/05\/aftes-congres-international-2023\/"]}]},{"@type":"ImageObject","inLanguage":"fr-FR","@id":"https:\/\/www.mabi.fr\/fr\/2023\/05\/aftes-congres-international-2023\/#primaryimage","url":"https:\/\/www.mabi.fr\/wp-content\/uploads\/2023\/05\/congres-aftes-2023-copie.png","contentUrl":"https:\/\/www.mabi.fr\/wp-content\/uploads\/2023\/05\/congres-aftes-2023-copie.png","width":1999,"height":779,"caption":"congr\u00e8s aftes 2023"},{"@type":"BreadcrumbList","@id":"https:\/\/www.mabi.fr\/fr\/2023\/05\/aftes-congres-international-2023\/#breadcrumb","itemListElement":[{"@type":"ListItem","position":1,"name":"Accueil","item":"https:\/\/www.mabi.fr\/fr\/"},{"@type":"ListItem","position":2,"name":"AFTES Congr\u00e8s international 2023"}]},{"@type":"WebSite","@id":"https:\/\/www.mabi.fr\/fr\/#website","url":"https:\/\/www.mabi.fr\/fr\/","name":"Mabi","description":"Traitement du bois et des murs","publisher":{"@id":"https:\/\/www.mabi.fr\/fr\/#organization"},"inLanguage":"fr-FR"},{"@type":"Organization","@id":"https:\/\/www.mabi.fr\/fr\/#organization","name":"MABI","url":"https:\/\/www.mabi.fr\/fr\/","logo":{"@type":"ImageObject","inLanguage":"fr-FR","@id":"https:\/\/www.mabi.fr\/fr\/#\/schema\/logo\/image\/","url":"https:\/\/www.mabi.fr\/wp-content\/uploads\/2018\/04\/logo-mabi.png","contentUrl":"https:\/\/www.mabi.fr\/wp-content\/uploads\/2018\/04\/logo-mabi.png","width":400,"height":165,"caption":"MABI"},"image":{"@id":"https:\/\/www.mabi.fr\/fr\/#\/schema\/logo\/image\/"},"sameAs":["https:\/\/www.facebook.com\/team.mabi\/","https:\/\/www.youtube.com\/channel\/UCROWjwVyMZg_5ybzXJofFlg"]},{"@type":"Person","@id":"https:\/\/www.mabi.fr\/fr\/#\/schema\/person\/484127558ce907bc042826a61553259a","name":"Mabi","image":{"@type":"ImageObject","inLanguage":"fr-FR","@id":"https:\/\/secure.gravatar.com\/avatar\/82af1fd0989cd4216d2e0ce89972cea75a9214661afe9d79e15525c8767abc4c?s=96&d=mm&r=g","url":"https:\/\/secure.gravatar.com\/avatar\/82af1fd0989cd4216d2e0ce89972cea75a9214661afe9d79e15525c8767abc4c?s=96&d=mm&r=g","contentUrl":"https:\/\/secure.gravatar.com\/avatar\/82af1fd0989cd4216d2e0ce89972cea75a9214661afe9d79e15525c8767abc4c?s=96&d=mm&r=g","caption":"Mabi"},"sameAs":["https:\/\/www.mabi.fr"]}]}},"_links":{"self":[{"href":"https:\/\/www.mabi.fr\/fr\/wp-json\/wp\/v2\/posts\/14161","targetHints":{"allow":["GET"]}}],"collection":[{"href":"https:\/\/www.mabi.fr\/fr\/wp-json\/wp\/v2\/posts"}],"about":[{"href":"https:\/\/www.mabi.fr\/fr\/wp-json\/wp\/v2\/types\/post"}],"author":[{"embeddable":true,"href":"https:\/\/www.mabi.fr\/fr\/wp-json\/wp\/v2\/users\/3"}],"replies":[{"embeddable":true,"href":"https:\/\/www.mabi.fr\/fr\/wp-json\/wp\/v2\/comments?post=14161"}],"version-history":[{"count":5,"href":"https:\/\/www.mabi.fr\/fr\/wp-json\/wp\/v2\/posts\/14161\/revisions"}],"predecessor-version":[{"id":14200,"href":"https:\/\/www.mabi.fr\/fr\/wp-json\/wp\/v2\/posts\/14161\/revisions\/14200"}],"wp:featuredmedia":[{"embeddable":true,"href":"https:\/\/www.mabi.fr\/fr\/wp-json\/wp\/v2\/media\/14196"}],"wp:attachment":[{"href":"https:\/\/www.mabi.fr\/fr\/wp-json\/wp\/v2\/media?parent=14161"}],"wp:term":[{"taxonomy":"category","embeddable":true,"href":"https:\/\/www.mabi.fr\/fr\/wp-json\/wp\/v2\/categories?post=14161"},{"taxonomy":"post_tag","embeddable":true,"href":"https:\/\/www.mabi.fr\/fr\/wp-json\/wp\/v2\/tags?post=14161"}],"curies":[{"name":"wp","href":"https:\/\/api.w.org\/{rel}","templated":true}]}}