{"id":89,"date":"2019-04-02T12:00:24","date_gmt":"2019-04-02T10:00:24","guid":{"rendered":"http:\/\/localhost\/finacorp-demo-one\/?p=89"},"modified":"2020-11-23T14:23:39","modified_gmt":"2020-11-23T13:23:39","slug":"rappel-faites-controler-vos-harnais","status":"publish","type":"post","link":"https:\/\/www.mabi.fr\/fr\/2019\/04\/rappel-faites-controler-vos-harnais\/","title":{"rendered":"Rappel : faites contr\u00f4ler vos harnais"},"content":{"rendered":"<div class=\"wpb-content-wrapper\"><p>[vc_section css=&#8221;.vc_custom_1511863280116{margin-right: 0px !important;}&#8221;][\/vc_section][vc_row][vc_column][vc_column_text]<\/p>\n<h2>S\u00e9curit\u00e9 sur vos chantiers : faites contr\u00f4ler vos harnais<\/h2>\n<p>[\/vc_column_text][vc_column_text]Rappel : les harnais anti-chute doivent \u00eatre v\u00e9rifi\u00e9s dans les 12 mois pr\u00e9c\u00e9dant leur utilisation selon l&#8217;arr\u00eat\u00e9 du 19 mars 1993. Ce contr\u00f4le porte sur l&#8217;\u00e9tat g\u00e9n\u00e9ral des coutures et des modes de fixation (sangles, boucles, mousquetons&#8230;) et les conditions de stockage (devant \u00eatre conformes aux pr\u00e9conisations constructeur). Nos commerciaux sont agr\u00e9\u00e9s APAVE pour le contr\u00f4le annuel de vos harnais MABI[\/vc_column_text][\/vc_column][\/vc_row][vc_row][vc_column][\/vc_column][\/vc_row][vc_row css=&#8221;.vc_custom_1511779252590{margin-top: 0px !important;margin-right: 0px !important;margin-bottom: 0px !important;padding-top: 0px !important;padding-right: 0px !important;padding-bottom: 0px !important;}&#8221;][vc_column css=&#8221;.vc_custom_1510315343991{margin-top: 0px !important;margin-bottom: 30px !important;padding-top: 0px !important;padding-bottom: 0px !important;}&#8221;][\/vc_column][\/vc_row][vc_row css=&#8221;.vc_custom_1511779261729{margin-top: 15px !important;margin-right: 0px !important;margin-bottom: 15px !important;padding-top: 0px !important;padding-right: 0px !important;padding-bottom: 0px !important;}&#8221;][vc_column css=&#8221;.vc_custom_1511779316701{margin-top: 0px !important;margin-right: 0px !important;margin-bottom: 0px !important;padding-top: 10px !important;padding-right: 0px !important;padding-bottom: 10px !important;}&#8221;]<div class=\"rt-call-to-action-wraper element-one  \"   style=\"background-color:#515151;\"><div class=\"rt-call-to-action-wraper-overlay\" style=\"background-color:#515151;\"><\/div><div class=\"row rt-call-to-action\"><div class=\"col-lg-8 col-md-7 col-sm-7 col-xs-12\"><div class=\"rt-call-to-action-item matchHeight text-left\"><div class=\"table\"><div class=\"table-cell\"><p style=\"color:#ffffff; font-size:32px; line-height:40px;\">Commander en ligne<\/p><\/div><\/div><\/div><\/div><div class=\"col-lg-4 col-md-5 col-sm-5 col-xs-12\"><div class=\"rt-call-to-action-item matchHeight text-center\" style=\"background-color:#515151;\"><div class=\"table\"><div class=\"table-cell\"><a class=\"btn \" href=\"https:\/\/shop.mabi.fr\/fr\/77-harnais-\" title=\"\" rel=\"\">Stock &amp; tarif ici<\/a><\/div><\/div><\/div><\/div><\/div><\/div>[\/vc_column][\/vc_row][vc_row][vc_column][vc_facebook][\/vc_column][\/vc_row][vc_row][vc_column][vc_column_text][\/vc_section][\/vc_column_text][\/vc_column][\/vc_row]<\/p>\n<\/div>","protected":false},"excerpt":{"rendered":"<p>Les harnais anti-chute doivent \u00eatre v\u00e9rifi\u00e9s dans les 12 mois pr\u00e9c\u00e9dant leur utilisation selon l&#8217;arr\u00eat\u00e9 du 19 mars 1993.<\/p>\n","protected":false},"author":3,"featured_media":8983,"comment_status":"closed","ping_status":"closed","sticky":false,"template":"","format":"standard","meta":{"footnotes":""},"categories":[98],"tags":[],"class_list":["post-89","post","type-post","status-publish","format-standard","has-post-thumbnail","hentry","category-protection"],"yoast_head":"<!-- This site is optimized with the Yoast SEO plugin v27.4 - https:\/\/yoast.com\/product\/yoast-seo-wordpress\/ -->\n<title>Rappel : faites contr\u00f4ler vos harnais - Mabi<\/title>\n<meta name=\"description\" content=\"Les harnais anti-chute doivent \u00eatre v\u00e9rifi\u00e9s dans les 12 mois pr\u00e9c\u00e9dant leur utilisation selon l&#039;arr\u00eat\u00e9 du 19 mars 1993.\" \/>\n<meta name=\"robots\" content=\"index, follow, max-snippet:-1, max-image-preview:large, max-video-preview:-1\" \/>\n<link rel=\"canonical\" href=\"https:\/\/www.mabi.fr\/fr\/2019\/04\/rappel-faites-controler-vos-harnais\/\" \/>\n<meta property=\"og:locale\" content=\"fr_FR\" \/>\n<meta property=\"og:type\" content=\"article\" \/>\n<meta property=\"og:title\" content=\"Rappel : faites contr\u00f4ler vos harnais - Mabi\" \/>\n<meta property=\"og:description\" content=\"Les harnais anti-chute doivent \u00eatre v\u00e9rifi\u00e9s dans les 12 mois pr\u00e9c\u00e9dant leur utilisation selon l&#039;arr\u00eat\u00e9 du 19 mars 1993.\" \/>\n<meta property=\"og:url\" content=\"https:\/\/www.mabi.fr\/fr\/2019\/04\/rappel-faites-controler-vos-harnais\/\" \/>\n<meta property=\"og:site_name\" content=\"Mabi\" \/>\n<meta property=\"article:publisher\" content=\"https:\/\/www.facebook.com\/team.mabi\/\" \/>\n<meta property=\"article:published_time\" content=\"2019-04-02T10:00:24+00:00\" \/>\n<meta property=\"article:modified_time\" content=\"2020-11-23T13:23:39+00:00\" \/>\n<meta property=\"og:image\" content=\"https:\/\/www.mabi.fr\/wp-content\/uploads\/2018\/05\/harnais.png\" \/>\n\t<meta property=\"og:image:width\" content=\"229\" \/>\n\t<meta property=\"og:image:height\" content=\"272\" \/>\n\t<meta property=\"og:image:type\" content=\"image\/png\" \/>\n<meta name=\"author\" content=\"Mabi\" \/>\n<meta name=\"twitter:card\" content=\"summary_large_image\" \/>\n<meta name=\"twitter:label1\" content=\"\u00c9crit par\" \/>\n\t<meta name=\"twitter:data1\" content=\"Mabi\" \/>\n\t<meta name=\"twitter:label2\" content=\"Dur\u00e9e de lecture estim\u00e9e\" \/>\n\t<meta name=\"twitter:data2\" content=\"1 minute\" \/>\n<script type=\"application\/ld+json\" class=\"yoast-schema-graph\">{\"@context\":\"https:\\\/\\\/schema.org\",\"@graph\":[{\"@type\":\"Article\",\"@id\":\"https:\\\/\\\/www.mabi.fr\\\/fr\\\/2019\\\/04\\\/rappel-faites-controler-vos-harnais\\\/#article\",\"isPartOf\":{\"@id\":\"https:\\\/\\\/www.mabi.fr\\\/fr\\\/2019\\\/04\\\/rappel-faites-controler-vos-harnais\\\/\"},\"author\":{\"name\":\"Mabi\",\"@id\":\"https:\\\/\\\/www.mabi.fr\\\/fr\\\/#\\\/schema\\\/person\\\/484127558ce907bc042826a61553259a\"},\"headline\":\"Rappel : faites contr\u00f4ler vos harnais\",\"datePublished\":\"2019-04-02T10:00:24+00:00\",\"dateModified\":\"2020-11-23T13:23:39+00:00\",\"mainEntityOfPage\":{\"@id\":\"https:\\\/\\\/www.mabi.fr\\\/fr\\\/2019\\\/04\\\/rappel-faites-controler-vos-harnais\\\/\"},\"wordCount\":283,\"publisher\":{\"@id\":\"https:\\\/\\\/www.mabi.fr\\\/fr\\\/#organization\"},\"image\":{\"@id\":\"https:\\\/\\\/www.mabi.fr\\\/fr\\\/2019\\\/04\\\/rappel-faites-controler-vos-harnais\\\/#primaryimage\"},\"thumbnailUrl\":\"https:\\\/\\\/www.mabi.fr\\\/wp-content\\\/uploads\\\/2018\\\/05\\\/harnais.png\",\"articleSection\":[\"Protection\"],\"inLanguage\":\"fr-FR\"},{\"@type\":\"WebPage\",\"@id\":\"https:\\\/\\\/www.mabi.fr\\\/fr\\\/2019\\\/04\\\/rappel-faites-controler-vos-harnais\\\/\",\"url\":\"https:\\\/\\\/www.mabi.fr\\\/fr\\\/2019\\\/04\\\/rappel-faites-controler-vos-harnais\\\/\",\"name\":\"Rappel : faites contr\u00f4ler vos harnais - Mabi\",\"isPartOf\":{\"@id\":\"https:\\\/\\\/www.mabi.fr\\\/fr\\\/#website\"},\"primaryImageOfPage\":{\"@id\":\"https:\\\/\\\/www.mabi.fr\\\/fr\\\/2019\\\/04\\\/rappel-faites-controler-vos-harnais\\\/#primaryimage\"},\"image\":{\"@id\":\"https:\\\/\\\/www.mabi.fr\\\/fr\\\/2019\\\/04\\\/rappel-faites-controler-vos-harnais\\\/#primaryimage\"},\"thumbnailUrl\":\"https:\\\/\\\/www.mabi.fr\\\/wp-content\\\/uploads\\\/2018\\\/05\\\/harnais.png\",\"datePublished\":\"2019-04-02T10:00:24+00:00\",\"dateModified\":\"2020-11-23T13:23:39+00:00\",\"description\":\"Les harnais anti-chute doivent \u00eatre v\u00e9rifi\u00e9s dans les 12 mois pr\u00e9c\u00e9dant leur utilisation selon l'arr\u00eat\u00e9 du 19 mars 1993.\",\"breadcrumb\":{\"@id\":\"https:\\\/\\\/www.mabi.fr\\\/fr\\\/2019\\\/04\\\/rappel-faites-controler-vos-harnais\\\/#breadcrumb\"},\"inLanguage\":\"fr-FR\",\"potentialAction\":[{\"@type\":\"ReadAction\",\"target\":[\"https:\\\/\\\/www.mabi.fr\\\/fr\\\/2019\\\/04\\\/rappel-faites-controler-vos-harnais\\\/\"]}]},{\"@type\":\"ImageObject\",\"inLanguage\":\"fr-FR\",\"@id\":\"https:\\\/\\\/www.mabi.fr\\\/fr\\\/2019\\\/04\\\/rappel-faites-controler-vos-harnais\\\/#primaryimage\",\"url\":\"https:\\\/\\\/www.mabi.fr\\\/wp-content\\\/uploads\\\/2018\\\/05\\\/harnais.png\",\"contentUrl\":\"https:\\\/\\\/www.mabi.fr\\\/wp-content\\\/uploads\\\/2018\\\/05\\\/harnais.png\",\"width\":229,\"height\":272,\"caption\":\"harnais anti chute\"},{\"@type\":\"BreadcrumbList\",\"@id\":\"https:\\\/\\\/www.mabi.fr\\\/fr\\\/2019\\\/04\\\/rappel-faites-controler-vos-harnais\\\/#breadcrumb\",\"itemListElement\":[{\"@type\":\"ListItem\",\"position\":1,\"name\":\"Accueil\",\"item\":\"https:\\\/\\\/www.mabi.fr\\\/fr\\\/\"},{\"@type\":\"ListItem\",\"position\":2,\"name\":\"Rappel : faites contr\u00f4ler vos harnais\"}]},{\"@type\":\"WebSite\",\"@id\":\"https:\\\/\\\/www.mabi.fr\\\/fr\\\/#website\",\"url\":\"https:\\\/\\\/www.mabi.fr\\\/fr\\\/\",\"name\":\"Mabi\",\"description\":\"Traitement du bois et des murs\",\"publisher\":{\"@id\":\"https:\\\/\\\/www.mabi.fr\\\/fr\\\/#organization\"},\"inLanguage\":\"fr-FR\"},{\"@type\":\"Organization\",\"@id\":\"https:\\\/\\\/www.mabi.fr\\\/fr\\\/#organization\",\"name\":\"MABI\",\"url\":\"https:\\\/\\\/www.mabi.fr\\\/fr\\\/\",\"logo\":{\"@type\":\"ImageObject\",\"inLanguage\":\"fr-FR\",\"@id\":\"https:\\\/\\\/www.mabi.fr\\\/fr\\\/#\\\/schema\\\/logo\\\/image\\\/\",\"url\":\"https:\\\/\\\/www.mabi.fr\\\/wp-content\\\/uploads\\\/2018\\\/04\\\/logo-mabi.png\",\"contentUrl\":\"https:\\\/\\\/www.mabi.fr\\\/wp-content\\\/uploads\\\/2018\\\/04\\\/logo-mabi.png\",\"width\":400,\"height\":165,\"caption\":\"MABI\"},\"image\":{\"@id\":\"https:\\\/\\\/www.mabi.fr\\\/fr\\\/#\\\/schema\\\/logo\\\/image\\\/\"},\"sameAs\":[\"https:\\\/\\\/www.facebook.com\\\/team.mabi\\\/\",\"https:\\\/\\\/www.youtube.com\\\/channel\\\/UCROWjwVyMZg_5ybzXJofFlg\"]},{\"@type\":\"Person\",\"@id\":\"https:\\\/\\\/www.mabi.fr\\\/fr\\\/#\\\/schema\\\/person\\\/484127558ce907bc042826a61553259a\",\"name\":\"Mabi\",\"image\":{\"@type\":\"ImageObject\",\"inLanguage\":\"fr-FR\",\"@id\":\"https:\\\/\\\/secure.gravatar.com\\\/avatar\\\/82af1fd0989cd4216d2e0ce89972cea75a9214661afe9d79e15525c8767abc4c?s=96&d=mm&r=g\",\"url\":\"https:\\\/\\\/secure.gravatar.com\\\/avatar\\\/82af1fd0989cd4216d2e0ce89972cea75a9214661afe9d79e15525c8767abc4c?s=96&d=mm&r=g\",\"contentUrl\":\"https:\\\/\\\/secure.gravatar.com\\\/avatar\\\/82af1fd0989cd4216d2e0ce89972cea75a9214661afe9d79e15525c8767abc4c?s=96&d=mm&r=g\",\"caption\":\"Mabi\"},\"sameAs\":[\"https:\\\/\\\/www.mabi.fr\"]}]}<\/script>\n<!-- \/ Yoast SEO plugin. -->","yoast_head_json":{"title":"Rappel : faites contr\u00f4ler vos harnais - Mabi","description":"Les harnais anti-chute doivent \u00eatre v\u00e9rifi\u00e9s dans les 12 mois pr\u00e9c\u00e9dant leur utilisation selon l'arr\u00eat\u00e9 du 19 mars 1993.","robots":{"index":"index","follow":"follow","max-snippet":"max-snippet:-1","max-image-preview":"max-image-preview:large","max-video-preview":"max-video-preview:-1"},"canonical":"https:\/\/www.mabi.fr\/fr\/2019\/04\/rappel-faites-controler-vos-harnais\/","og_locale":"fr_FR","og_type":"article","og_title":"Rappel : faites contr\u00f4ler vos harnais - Mabi","og_description":"Les harnais anti-chute doivent \u00eatre v\u00e9rifi\u00e9s dans les 12 mois pr\u00e9c\u00e9dant leur utilisation selon l'arr\u00eat\u00e9 du 19 mars 1993.","og_url":"https:\/\/www.mabi.fr\/fr\/2019\/04\/rappel-faites-controler-vos-harnais\/","og_site_name":"Mabi","article_publisher":"https:\/\/www.facebook.com\/team.mabi\/","article_published_time":"2019-04-02T10:00:24+00:00","article_modified_time":"2020-11-23T13:23:39+00:00","og_image":[{"width":229,"height":272,"url":"https:\/\/www.mabi.fr\/wp-content\/uploads\/2018\/05\/harnais.png","type":"image\/png"}],"author":"Mabi","twitter_card":"summary_large_image","twitter_misc":{"\u00c9crit par":"Mabi","Dur\u00e9e de lecture estim\u00e9e":"1 minute"},"schema":{"@context":"https:\/\/schema.org","@graph":[{"@type":"Article","@id":"https:\/\/www.mabi.fr\/fr\/2019\/04\/rappel-faites-controler-vos-harnais\/#article","isPartOf":{"@id":"https:\/\/www.mabi.fr\/fr\/2019\/04\/rappel-faites-controler-vos-harnais\/"},"author":{"name":"Mabi","@id":"https:\/\/www.mabi.fr\/fr\/#\/schema\/person\/484127558ce907bc042826a61553259a"},"headline":"Rappel : faites contr\u00f4ler vos harnais","datePublished":"2019-04-02T10:00:24+00:00","dateModified":"2020-11-23T13:23:39+00:00","mainEntityOfPage":{"@id":"https:\/\/www.mabi.fr\/fr\/2019\/04\/rappel-faites-controler-vos-harnais\/"},"wordCount":283,"publisher":{"@id":"https:\/\/www.mabi.fr\/fr\/#organization"},"image":{"@id":"https:\/\/www.mabi.fr\/fr\/2019\/04\/rappel-faites-controler-vos-harnais\/#primaryimage"},"thumbnailUrl":"https:\/\/www.mabi.fr\/wp-content\/uploads\/2018\/05\/harnais.png","articleSection":["Protection"],"inLanguage":"fr-FR"},{"@type":"WebPage","@id":"https:\/\/www.mabi.fr\/fr\/2019\/04\/rappel-faites-controler-vos-harnais\/","url":"https:\/\/www.mabi.fr\/fr\/2019\/04\/rappel-faites-controler-vos-harnais\/","name":"Rappel : faites contr\u00f4ler vos harnais - Mabi","isPartOf":{"@id":"https:\/\/www.mabi.fr\/fr\/#website"},"primaryImageOfPage":{"@id":"https:\/\/www.mabi.fr\/fr\/2019\/04\/rappel-faites-controler-vos-harnais\/#primaryimage"},"image":{"@id":"https:\/\/www.mabi.fr\/fr\/2019\/04\/rappel-faites-controler-vos-harnais\/#primaryimage"},"thumbnailUrl":"https:\/\/www.mabi.fr\/wp-content\/uploads\/2018\/05\/harnais.png","datePublished":"2019-04-02T10:00:24+00:00","dateModified":"2020-11-23T13:23:39+00:00","description":"Les harnais anti-chute doivent \u00eatre v\u00e9rifi\u00e9s dans les 12 mois pr\u00e9c\u00e9dant leur utilisation selon l'arr\u00eat\u00e9 du 19 mars 1993.","breadcrumb":{"@id":"https:\/\/www.mabi.fr\/fr\/2019\/04\/rappel-faites-controler-vos-harnais\/#breadcrumb"},"inLanguage":"fr-FR","potentialAction":[{"@type":"ReadAction","target":["https:\/\/www.mabi.fr\/fr\/2019\/04\/rappel-faites-controler-vos-harnais\/"]}]},{"@type":"ImageObject","inLanguage":"fr-FR","@id":"https:\/\/www.mabi.fr\/fr\/2019\/04\/rappel-faites-controler-vos-harnais\/#primaryimage","url":"https:\/\/www.mabi.fr\/wp-content\/uploads\/2018\/05\/harnais.png","contentUrl":"https:\/\/www.mabi.fr\/wp-content\/uploads\/2018\/05\/harnais.png","width":229,"height":272,"caption":"harnais anti chute"},{"@type":"BreadcrumbList","@id":"https:\/\/www.mabi.fr\/fr\/2019\/04\/rappel-faites-controler-vos-harnais\/#breadcrumb","itemListElement":[{"@type":"ListItem","position":1,"name":"Accueil","item":"https:\/\/www.mabi.fr\/fr\/"},{"@type":"ListItem","position":2,"name":"Rappel : faites contr\u00f4ler vos harnais"}]},{"@type":"WebSite","@id":"https:\/\/www.mabi.fr\/fr\/#website","url":"https:\/\/www.mabi.fr\/fr\/","name":"Mabi","description":"Traitement du bois et des murs","publisher":{"@id":"https:\/\/www.mabi.fr\/fr\/#organization"},"inLanguage":"fr-FR"},{"@type":"Organization","@id":"https:\/\/www.mabi.fr\/fr\/#organization","name":"MABI","url":"https:\/\/www.mabi.fr\/fr\/","logo":{"@type":"ImageObject","inLanguage":"fr-FR","@id":"https:\/\/www.mabi.fr\/fr\/#\/schema\/logo\/image\/","url":"https:\/\/www.mabi.fr\/wp-content\/uploads\/2018\/04\/logo-mabi.png","contentUrl":"https:\/\/www.mabi.fr\/wp-content\/uploads\/2018\/04\/logo-mabi.png","width":400,"height":165,"caption":"MABI"},"image":{"@id":"https:\/\/www.mabi.fr\/fr\/#\/schema\/logo\/image\/"},"sameAs":["https:\/\/www.facebook.com\/team.mabi\/","https:\/\/www.youtube.com\/channel\/UCROWjwVyMZg_5ybzXJofFlg"]},{"@type":"Person","@id":"https:\/\/www.mabi.fr\/fr\/#\/schema\/person\/484127558ce907bc042826a61553259a","name":"Mabi","image":{"@type":"ImageObject","inLanguage":"fr-FR","@id":"https:\/\/secure.gravatar.com\/avatar\/82af1fd0989cd4216d2e0ce89972cea75a9214661afe9d79e15525c8767abc4c?s=96&d=mm&r=g","url":"https:\/\/secure.gravatar.com\/avatar\/82af1fd0989cd4216d2e0ce89972cea75a9214661afe9d79e15525c8767abc4c?s=96&d=mm&r=g","contentUrl":"https:\/\/secure.gravatar.com\/avatar\/82af1fd0989cd4216d2e0ce89972cea75a9214661afe9d79e15525c8767abc4c?s=96&d=mm&r=g","caption":"Mabi"},"sameAs":["https:\/\/www.mabi.fr"]}]}},"_links":{"self":[{"href":"https:\/\/www.mabi.fr\/fr\/wp-json\/wp\/v2\/posts\/89","targetHints":{"allow":["GET"]}}],"collection":[{"href":"https:\/\/www.mabi.fr\/fr\/wp-json\/wp\/v2\/posts"}],"about":[{"href":"https:\/\/www.mabi.fr\/fr\/wp-json\/wp\/v2\/types\/post"}],"author":[{"embeddable":true,"href":"https:\/\/www.mabi.fr\/fr\/wp-json\/wp\/v2\/users\/3"}],"replies":[{"embeddable":true,"href":"https:\/\/www.mabi.fr\/fr\/wp-json\/wp\/v2\/comments?post=89"}],"version-history":[{"count":5,"href":"https:\/\/www.mabi.fr\/fr\/wp-json\/wp\/v2\/posts\/89\/revisions"}],"predecessor-version":[{"id":12599,"href":"https:\/\/www.mabi.fr\/fr\/wp-json\/wp\/v2\/posts\/89\/revisions\/12599"}],"wp:featuredmedia":[{"embeddable":true,"href":"https:\/\/www.mabi.fr\/fr\/wp-json\/wp\/v2\/media\/8983"}],"wp:attachment":[{"href":"https:\/\/www.mabi.fr\/fr\/wp-json\/wp\/v2\/media?parent=89"}],"wp:term":[{"taxonomy":"category","embeddable":true,"href":"https:\/\/www.mabi.fr\/fr\/wp-json\/wp\/v2\/categories?post=89"},{"taxonomy":"post_tag","embeddable":true,"href":"https:\/\/www.mabi.fr\/fr\/wp-json\/wp\/v2\/tags?post=89"}],"curies":[{"name":"wp","href":"https:\/\/api.w.org\/{rel}","templated":true}]}}